{"id":206900,"date":"2026-03-09T18:58:12","date_gmt":"2026-03-09T17:58:12","guid":{"rendered":"https:\/\/www.tierslivre.net\/ateliers\/?p=206900"},"modified":"2026-03-09T21:39:44","modified_gmt":"2026-03-09T20:39:44","slug":"construire-08-pont-de-pierre","status":"publish","type":"post","link":"https:\/\/www.tierslivre.net\/ateliers\/construire-08-pont-de-pierre\/","title":{"rendered":"#construire #08 | Pont de pierre"},"content":{"rendered":"\n<figure class=\"wp-block-image size-large\"><img loading=\"lazy\" decoding=\"async\" width=\"1024\" height=\"461\" src=\"https:\/\/www.tierslivre.net\/ateliers\/wp-content\/uploads\/2026\/03\/1000044596-1024x461.jpg\" alt=\"\" class=\"wp-image-206904\" srcset=\"https:\/\/www.tierslivre.net\/ateliers\/wp-content\/uploads\/2026\/03\/1000044596-1024x461.jpg 1024w, https:\/\/www.tierslivre.net\/ateliers\/wp-content\/uploads\/2026\/03\/1000044596-420x189.jpg 420w, https:\/\/www.tierslivre.net\/ateliers\/wp-content\/uploads\/2026\/03\/1000044596-768x346.jpg 768w, https:\/\/www.tierslivre.net\/ateliers\/wp-content\/uploads\/2026\/03\/1000044596-1536x691.jpg 1536w, https:\/\/www.tierslivre.net\/ateliers\/wp-content\/uploads\/2026\/03\/1000044596.jpg 2040w\" sizes=\"auto, (max-width: 1024px) 100vw, 1024px\" \/><\/figure>\n\n\n\n<p><\/p>\n\n\n\n<p>Du plus fort, du plus loin dont tu te souviens, depuis ton arriv\u00e9e \u00e0 Bordeaux dans les ann\u00e9es quatre-vingt dix du si\u00e8cle dernier, le pont de pierre, souvent croise ton chemin lors de tes p\u00e9r\u00e9grinations dans la ville. La premi\u00e8re fois que tu l\u2019as vu, seul le haut des arches \u00e9tait visible, r\u00e9sultat des grandes mar\u00e9es, on t&rsquo;avait dit. Ce jour-l\u00e0, tu r\u00e9alises que les mar\u00e9es sont perceptibles jusqu&rsquo;\u00e0 Bordeaux, l\u2019Atlantique pourtant situ\u00e9 pr\u00e8s de cent kilom\u00e8tres en aval.<\/p>\n\n\n\n<p>Pendant pr\u00e8s de 150 ans, il sera le seul pont \u00e0 unir la rive gauche, le c\u0153ur de la ville historique et la rive droite, le quartier longtemps industriel, longtemps ouvrier, longtemps m\u00e9pris\u00e9 de la Bastide. Voguaient alors les bateliers pour assurer la travers\u00e9e.<\/p>\n\n\n\n<p>Tu aimes traverser ce pont. En tram pour monter sur les coteaux vers les lieux culturels de la ville. Le Rocher de Palmer pour les concerts, la Villa Valmont pour les rencontres de litt\u00e9rature ou de po\u00e9sie. A pied pour le plaisir de traverser le fleuve, souvent tu t&rsquo;arr\u00eates pour regarder les eaux tumultueuses de la Garonne.<\/p>\n\n\n\n<p>En 2022, interdit \u00e0 la circulation automobile, seuls les trams et taxis peuvent l&#8217;emprunter. Changement d&rsquo;usage, changement de physionomie. De long en large, v\u00e9los, trottinettes et pi\u00e9tons le sillonnent.<\/p>\n\n\n\n<p>Octobre 2022, un dimanche en fin d&rsquo;apr\u00e8s-midi, rendez-vous est donn\u00e9 devant une porte donnant acc\u00e8s \u00e0 une pile du pont. A l&rsquo;heure dite on entre, on per\u00e7oit dans la p\u00e9nombre un couloir, au sol une discr\u00e8te bande lumineuse guide le cheminement, une odeur d&rsquo;humidit\u00e9 te saisit \u00e0 la gorge. Un parcours sonore m\u00ealant craquement de bateaux, clapotis de l&rsquo;eau, chant des esclaves immerge le public dans l&rsquo;univers de la traite des esclaves au 17e et 18e si\u00e8cle. Force de ce parcours de m\u00e9moire en terre bordelaise imagin\u00e9 par l&rsquo;\u00e9crivain dramaturge ha\u00eftien Guy R\u00e9gis Jr.<\/p>\n\n\n\n<p>Tous les 7 avril, rassemblement sur le pont de pierre pour comm\u00e9morer le g\u00e9nocide de 1994 des tutsis au Rwanda et les plus de 800 000 morts. Autour des familles de rescap\u00e9s, se souvenir, transmettre, rendre justice. T\u00e9moignages \u00e9nonc\u00e9s et noms de victimes \u00e9grain\u00e9s. Couronnes de fleurs jet\u00e9es dans la Garonne. Jusqu&rsquo;\u00e0 ne plus les voir, avec recueillement on les regarde mener leur chemin vers l&rsquo;oc\u00e9an.<\/p>\n","protected":false},"excerpt":{"rendered":"<p>Du plus fort, du plus loin dont tu te souviens, depuis ton arriv\u00e9e \u00e0 Bordeaux dans les ann\u00e9es quatre-vingt dix du si\u00e8cle dernier, le pont de pierre, souvent croise ton chemin lors de tes p\u00e9r\u00e9grinations dans la ville. La premi\u00e8re fois que tu l\u2019as vu, seul le haut des arches \u00e9tait visible, r\u00e9sultat des grandes mar\u00e9es, on t&rsquo;avait dit. Ce <a class=\"more-link\" href=\"https:\/\/www.tierslivre.net\/ateliers\/construire-08-pont-de-pierre\/\">Continuer la lecture<span class=\"screen-reader-text\">#construire #08 | Pont de pierre<\/span><span class=\"meta-nav\">&rarr;<\/span><\/a><\/p>\n","protected":false},"author":565,"featured_media":206904,"comment_status":"open","ping_status":"open","sticky":false,"template":"","format":"standard","meta":{"h5ap_radio_sources":[],"footnotes":""},"categories":[7934,7990],"tags":[1012,47],"class_list":["post-206900","post","type-post","status-publish","format-standard","has-post-thumbnail","hentry","category-construire-nouveau-cycle-2026","category-08-jean-rolin-pont-de-bezons","tag-pont","tag-ville"],"_links":{"self":[{"href":"https:\/\/www.tierslivre.net\/ateliers\/wp-json\/wp\/v2\/posts\/206900","targetHints":{"allow":["GET"]}}],"collection":[{"href":"https:\/\/www.tierslivre.net\/ateliers\/wp-json\/wp\/v2\/posts"}],"about":[{"href":"https:\/\/www.tierslivre.net\/ateliers\/wp-json\/wp\/v2\/types\/post"}],"author":[{"embeddable":true,"href":"https:\/\/www.tierslivre.net\/ateliers\/wp-json\/wp\/v2\/users\/565"}],"replies":[{"embeddable":true,"href":"https:\/\/www.tierslivre.net\/ateliers\/wp-json\/wp\/v2\/comments?post=206900"}],"version-history":[{"count":4,"href":"https:\/\/www.tierslivre.net\/ateliers\/wp-json\/wp\/v2\/posts\/206900\/revisions"}],"predecessor-version":[{"id":207208,"href":"https:\/\/www.tierslivre.net\/ateliers\/wp-json\/wp\/v2\/posts\/206900\/revisions\/207208"}],"wp:featuredmedia":[{"embeddable":true,"href":"https:\/\/www.tierslivre.net\/ateliers\/wp-json\/wp\/v2\/media\/206904"}],"wp:attachment":[{"href":"https:\/\/www.tierslivre.net\/ateliers\/wp-json\/wp\/v2\/media?parent=206900"}],"wp:term":[{"taxonomy":"category","embeddable":true,"href":"https:\/\/www.tierslivre.net\/ateliers\/wp-json\/wp\/v2\/categories?post=206900"},{"taxonomy":"post_tag","embeddable":true,"href":"https:\/\/www.tierslivre.net\/ateliers\/wp-json\/wp\/v2\/tags?post=206900"}],"curies":[{"name":"wp","href":"https:\/\/api.w.org\/{rel}","templated":true}]}}