{"id":207061,"date":"2026-03-12T12:30:14","date_gmt":"2026-03-12T11:30:14","guid":{"rendered":"https:\/\/www.tierslivre.net\/ateliers\/?p=207061"},"modified":"2026-03-12T19:48:37","modified_gmt":"2026-03-12T18:48:37","slug":"construire-09-resolutions","status":"publish","type":"post","link":"https:\/\/www.tierslivre.net\/ateliers\/construire-09-resolutions\/","title":{"rendered":"#construire #09 |\u00a0r\u00e9solutions"},"content":{"rendered":"\n<p>Je n\u2019\u00e9crirai pas en aram\u00e9en. Je n\u2019\u00e9crirai pas en japonais. Je n\u2019\u00e9crirai pas en sum\u00e9rien, h\u00e9breu, \u00e9trusque, turc, iranien, papou, zoulou, al\u00e9oute, lituanien. Ni en morse.&nbsp;<\/p>\n\n\n\n<p>Je n\u2019\u00e9crirai pas dans l\u2019argile ni dans la pierre. Je n\u2019\u00e9crirai pas sur la surface d\u2019une grotte sous-marine, d\u2019un crat\u00e8re de lune, de la carapace d\u2019un microbe, de l\u2019eau \u00e9cumeuse d\u2019une temp\u00eate au c\u0153ur du Pacifique.<\/p>\n\n\n\n<p>Je n\u2019\u00e9crirai pas dans le vide. Je n\u2019\u00e9crirai pas au fond de l\u2019eau. Je n\u2019\u00e9crirai pas dans une bouteille, dans une brique, dans un terrier de lapin, dans une coquille d\u2019escargot. Je n\u2019\u00e9crirai pas dans un \u00e9tat de mort imminente, un \u00e9tat de vie v\u00e9g\u00e9tative, un \u00e9tat de coma profond, un \u00e9tat de sommeil artificiel.&nbsp;<\/p>\n\n\n\n<p>Je n\u2019\u00e9crirai pas de pr\u00e9cis de physique nucl\u00e9aire. Je n\u2019\u00e9crirai pas la notice de montage d\u2019une fus\u00e9e interplan\u00e9taire. Je n\u2019\u00e9crirai pas non plus le mode d\u2019emploi d\u2019un fusil d\u2019assaut, l\u2019annuaire du t\u00e9l\u00e9phone, le guide touristique de grottes encore inconnues \u00e0 ce jour, la recette d\u2019un rago\u00fbt de chat. Je n\u2019\u00e9crirai pas de livre-t\u00e9moignage sur ma mort. Ni sur ma naissance.&nbsp;<\/p>\n\n\n\n<p>Je n\u2019\u00e9crirai pas <em>\u00c0 la recherche du temps perdu<\/em>. Je n\u2019\u00e9crirai pas <em>Les fleurs du mal<\/em>. Je n\u2019\u00e9crirai pas <em>Madame Bovary<\/em>, <em>Astronomie populaire<\/em>, <em>Tintin et les sept boules de cristal<\/em>, <em>Le p\u00e8re No\u00ebl est une ordure<\/em>, <em>La vie mode d\u2019emploi<\/em>, <em>Le capital<\/em>, <em>Ph\u00e8dre<\/em>, <em>Blaise et le ch\u00e2teau d\u2019Anne Hivers\u00e8re<\/em>, <em>Les enqu\u00eates du commissaire Maigret<\/em>.<\/p>\n\n\n\n<p>Je n\u2019\u00e9crirai pas le mot <em>laciniation<\/em>. Je n\u2019\u00e9crirai pas le mot <em>cholagogue<\/em>. Je n\u2019\u00e9crirai pas <em>k\u00e9rargyre<\/em>, <em>posth\u00e9tomiste<\/em>, <em>remontadoire<\/em>, <em>hippobosque<\/em>, <em>potamoch\u00e8re<\/em>, <em>caryophyll\u00e8ne<\/em>, <em>amp\u00e9lographie<\/em>. Je n\u2019\u00e9crirai pas non plus pourquoi j\u2019ai oubli\u00e9 ton nom. Je n\u2019\u00e9crirai pas ce que j\u2019ai oubli\u00e9.<\/p>\n\n\n\n<p>Je n\u2019\u00e9crirai pas des choses qui ont d\u00e9j\u00e0 \u00e9t\u00e9 \u00e9crites. Vieille chim\u00e8re litt\u00e9raire. Bien s\u00fbr que j\u2019\u00e9crirai des choses d\u00e9j\u00e0 \u00e9crites. Mais pas dans le m\u00eame ordre. Pas avec la m\u00eame virgule. Pas avec les m\u00eames mots, la m\u00eame intensit\u00e9, la m\u00eame couleur, la m\u00eame r\u00e9sonance avec l\u2019actualit\u00e9, la modernit\u00e9, le souvenir, le temps qui passe, le temps qu\u2019il fait, le temps perdu jamais retrouv\u00e9. Pas avec la m\u00eame \u00e9criture.<\/p>\n\n\n\n<p>Quand je n\u2019aurai pas \u00e9crit tout \u00e7a, j\u2019arr\u00eaterai.<\/p>\n\n\n\n<figure class=\"wp-block-image size-large\"><img loading=\"lazy\" decoding=\"async\" width=\"1024\" height=\"683\" src=\"https:\/\/www.tierslivre.net\/ateliers\/wp-content\/uploads\/2026\/03\/kelly-sikkema-1SBcc-Wpz40-unsplash-1024x683.jpg\" alt=\"\" class=\"wp-image-207062\" srcset=\"https:\/\/www.tierslivre.net\/ateliers\/wp-content\/uploads\/2026\/03\/kelly-sikkema-1SBcc-Wpz40-unsplash-1024x683.jpg 1024w, https:\/\/www.tierslivre.net\/ateliers\/wp-content\/uploads\/2026\/03\/kelly-sikkema-1SBcc-Wpz40-unsplash-420x280.jpg 420w, https:\/\/www.tierslivre.net\/ateliers\/wp-content\/uploads\/2026\/03\/kelly-sikkema-1SBcc-Wpz40-unsplash-768x512.jpg 768w, https:\/\/www.tierslivre.net\/ateliers\/wp-content\/uploads\/2026\/03\/kelly-sikkema-1SBcc-Wpz40-unsplash-1536x1024.jpg 1536w, https:\/\/www.tierslivre.net\/ateliers\/wp-content\/uploads\/2026\/03\/kelly-sikkema-1SBcc-Wpz40-unsplash-2048x1365.jpg 2048w\" sizes=\"auto, (max-width: 1024px) 100vw, 1024px\" \/><figcaption class=\"wp-element-caption\">Photo de <a href=\"https:\/\/unsplash.com\/fr\/@kellysikkema?utm_source=unsplash&amp;utm_medium=referral&amp;utm_content=creditCopyText\">Kelly Sikkema<\/a> sur <a href=\"https:\/\/unsplash.com\/fr\/photos\/un-cahier-avec-un-stylo-dessus-1SBcc-Wpz40?utm_source=unsplash&amp;utm_medium=referral&amp;utm_content=creditCopyText\">Unsplash<\/a><\/figcaption><\/figure>\n\n\n\n<p><\/p>\n","protected":false},"excerpt":{"rendered":"<p>Je n\u2019\u00e9crirai pas en aram\u00e9en. Je n\u2019\u00e9crirai pas en japonais. Je n\u2019\u00e9crirai pas en sum\u00e9rien, h\u00e9breu, \u00e9trusque, turc, iranien, papou, zoulou, al\u00e9oute, lituanien. Ni en morse.&nbsp; Je n\u2019\u00e9crirai pas dans l\u2019argile ni dans la pierre. Je n\u2019\u00e9crirai pas sur la surface d\u2019une grotte sous-marine, d\u2019un crat\u00e8re de lune, de la carapace d\u2019un microbe, de l\u2019eau \u00e9cumeuse d\u2019une temp\u00eate au c\u0153ur <a class=\"more-link\" href=\"https:\/\/www.tierslivre.net\/ateliers\/construire-09-resolutions\/\">Continuer la lecture<span class=\"screen-reader-text\">#construire #09 |\u00a0r\u00e9solutions<\/span><span class=\"meta-nav\">&rarr;<\/span><\/a><\/p>\n","protected":false},"author":352,"featured_media":207062,"comment_status":"open","ping_status":"open","sticky":false,"template":"","format":"standard","meta":{"h5ap_radio_sources":[],"footnotes":""},"categories":[7934,7996],"tags":[],"class_list":["post-207061","post","type-post","status-publish","format-standard","has-post-thumbnail","hentry","category-construire-nouveau-cycle-2026","category-construire-09-cendrars-que-je-necrirai-jamais"],"_links":{"self":[{"href":"https:\/\/www.tierslivre.net\/ateliers\/wp-json\/wp\/v2\/posts\/207061","targetHints":{"allow":["GET"]}}],"collection":[{"href":"https:\/\/www.tierslivre.net\/ateliers\/wp-json\/wp\/v2\/posts"}],"about":[{"href":"https:\/\/www.tierslivre.net\/ateliers\/wp-json\/wp\/v2\/types\/post"}],"author":[{"embeddable":true,"href":"https:\/\/www.tierslivre.net\/ateliers\/wp-json\/wp\/v2\/users\/352"}],"replies":[{"embeddable":true,"href":"https:\/\/www.tierslivre.net\/ateliers\/wp-json\/wp\/v2\/comments?post=207061"}],"version-history":[{"count":2,"href":"https:\/\/www.tierslivre.net\/ateliers\/wp-json\/wp\/v2\/posts\/207061\/revisions"}],"predecessor-version":[{"id":207094,"href":"https:\/\/www.tierslivre.net\/ateliers\/wp-json\/wp\/v2\/posts\/207061\/revisions\/207094"}],"wp:featuredmedia":[{"embeddable":true,"href":"https:\/\/www.tierslivre.net\/ateliers\/wp-json\/wp\/v2\/media\/207062"}],"wp:attachment":[{"href":"https:\/\/www.tierslivre.net\/ateliers\/wp-json\/wp\/v2\/media?parent=207061"}],"wp:term":[{"taxonomy":"category","embeddable":true,"href":"https:\/\/www.tierslivre.net\/ateliers\/wp-json\/wp\/v2\/categories?post=207061"},{"taxonomy":"post_tag","embeddable":true,"href":"https:\/\/www.tierslivre.net\/ateliers\/wp-json\/wp\/v2\/tags?post=207061"}],"curies":[{"name":"wp","href":"https:\/\/api.w.org\/{rel}","templated":true}]}}