{"id":207146,"date":"2026-03-13T07:33:03","date_gmt":"2026-03-13T06:33:03","guid":{"rendered":"https:\/\/www.tierslivre.net\/ateliers\/?p=207146"},"modified":"2026-03-13T07:33:03","modified_gmt":"2026-03-13T06:33:03","slug":"je-necrirai-pas-la-symetrie-parfaite-construire-09","status":"publish","type":"post","link":"https:\/\/www.tierslivre.net\/ateliers\/je-necrirai-pas-la-symetrie-parfaite-construire-09\/","title":{"rendered":"Je n&rsquo;\u00e9crirai pas la sym\u00e9trie parfaite #construire #09"},"content":{"rendered":"\n<figure class=\"wp-block-image size-large\"><img loading=\"lazy\" decoding=\"async\" width=\"723\" height=\"1024\" src=\"https:\/\/www.tierslivre.net\/ateliers\/wp-content\/uploads\/2026\/03\/NonSymetrie-723x1024.jpg\" alt=\"\" class=\"wp-image-207148\" srcset=\"https:\/\/www.tierslivre.net\/ateliers\/wp-content\/uploads\/2026\/03\/NonSymetrie-723x1024.jpg 723w, https:\/\/www.tierslivre.net\/ateliers\/wp-content\/uploads\/2026\/03\/NonSymetrie-297x420.jpg 297w, https:\/\/www.tierslivre.net\/ateliers\/wp-content\/uploads\/2026\/03\/NonSymetrie-768x1088.jpg 768w, https:\/\/www.tierslivre.net\/ateliers\/wp-content\/uploads\/2026\/03\/NonSymetrie-1085x1536.jpg 1085w, https:\/\/www.tierslivre.net\/ateliers\/wp-content\/uploads\/2026\/03\/NonSymetrie-1446x2048.jpg 1446w, https:\/\/www.tierslivre.net\/ateliers\/wp-content\/uploads\/2026\/03\/NonSymetrie.jpg 1646w\" sizes=\"auto, (max-width: 723px) 100vw, 723px\" \/><\/figure>\n\n\n\n<p>Non, je ne serai pas toujours celui qui fait classique.<\/p>\n\n\n\n<p>Evidemment que je peux distinguer deux sources d&rsquo;inspiration \u00e0 mes Disparit\u00e9s de disparitions. Et c&rsquo;est m\u00eame tr\u00e8s clair, il y a tout ce qui remonte de mon enfance occitane, celle qui trimbale des lavoirs o\u00f9 parlementent des femmes, des forges enfonc\u00e9es dans la pierre, des barri\u00e8res d&rsquo;octroi fant\u00f4mes. Mais il y a aussi tout ce qui remonte de mon enfance Baabudu, celle qui trimbale des arbres \u00e0 palabres d&rsquo;hommes, des forges au grand jour, une barri\u00e8re d&rsquo;octroi encore active quand j&rsquo;allais \u00e0 Tambacounda.<\/p>\n\n\n\n<p>Mais non, je ne les opposerai pas terme \u00e0 terme comme s&rsquo;il fallait construire un nouveau palais avec des atlas d&rsquo;un c\u00f4t\u00e9 et des cariatides de l&rsquo;autre. Ou un genre de damier alternant le blanc et le noir. Ou encore un tressage secondaire \u00e0 base de rural et de ville approch\u00e9e.<\/p>\n\n\n\n<p>Et qu&rsquo;on n&rsquo;attende pas non plus de moi que je vienne abouter de sombres r\u00f4les remontant \u00e0 un pass\u00e9 lointain \u00e0 des formes d&rsquo;\u00e9quipement \u00e0 peine laiss\u00e9s en arri\u00e8re par la marche en avant. Bien s\u00fbr que j&rsquo;ai eu plaisir \u00e0 dessiner les derni\u00e8res cabines t\u00e9l\u00e9phoniques de Vienne et le lavoir transitoire du vieux Cahors. Mais je n&rsquo;\u00e9crirai pas pour autant d&rsquo;histoire reconstituant ce qu&rsquo;ont pu \u00eatre les soir\u00e9es de cet arri\u00e8re-grand-oncle qui allait chanter pour les moribonds de Croix-Daurade. Ou les r\u00eaves de cet arri\u00e8re-grand-p\u00e8re qui encha\u00eenait les nuits de contrebandier et les journ\u00e9es de mar\u00e9chal-ferrant.<\/p>\n\n\n\n<p>D&rsquo;ailleurs, les cabines de Vienne, \u00e0 la base, je les ai photographi\u00e9es. Mais qu&rsquo;on ne compte pas sur moi pour alterner photos et texte \u00e0 la fa\u00e7on d&rsquo;un Trassard. Je lui laisse cette mani\u00e8re de faire, le pauvre. Moi, je dessine. Mais ce n&rsquo;est pas pour autant que je vais te faire une page d&rsquo;\u00e9criture, une page de dessin. Non. Du dessin, il y en aura mais quand \u00e7a me viendra. Et peut-\u00eatre des t\u00e9lescopages de dessins ou des rosaces de dessins. Et pourquoi pas&nbsp;?<\/p>\n\n\n\n<p>Il y aura bien un genre d&rsquo;introduction et un genre de conclusion. Mais rien \u00e0 voir avec ces grands porches qui vous pr\u00e9parent aux hauts plafonds ou qui vous consolent de leur perte. Non, pas quelque chose d&rsquo;ample, de trop document\u00e9 et surtout pas de docte.<\/p>\n","protected":false},"excerpt":{"rendered":"<p>Non, je ne serai pas toujours celui qui fait classique. Evidemment que je peux distinguer deux sources d&rsquo;inspiration \u00e0 mes Disparit\u00e9s de disparitions. Et c&rsquo;est m\u00eame tr\u00e8s clair, il y a tout ce qui remonte de mon enfance occitane, celle qui trimbale des lavoirs o\u00f9 parlementent des femmes, des forges enfonc\u00e9es dans la pierre, des barri\u00e8res d&rsquo;octroi fant\u00f4mes. Mais il <a class=\"more-link\" href=\"https:\/\/www.tierslivre.net\/ateliers\/je-necrirai-pas-la-symetrie-parfaite-construire-09\/\">Continuer la lecture<span class=\"screen-reader-text\">Je n&rsquo;\u00e9crirai pas la sym\u00e9trie parfaite #construire #09<\/span><span class=\"meta-nav\">&rarr;<\/span><\/a><\/p>\n","protected":false},"author":63,"featured_media":0,"comment_status":"open","ping_status":"open","sticky":false,"template":"","format":"standard","meta":{"h5ap_radio_sources":[],"footnotes":""},"categories":[7934,7996],"tags":[],"class_list":["post-207146","post","type-post","status-publish","format-standard","hentry","category-construire-nouveau-cycle-2026","category-construire-09-cendrars-que-je-necrirai-jamais"],"_links":{"self":[{"href":"https:\/\/www.tierslivre.net\/ateliers\/wp-json\/wp\/v2\/posts\/207146","targetHints":{"allow":["GET"]}}],"collection":[{"href":"https:\/\/www.tierslivre.net\/ateliers\/wp-json\/wp\/v2\/posts"}],"about":[{"href":"https:\/\/www.tierslivre.net\/ateliers\/wp-json\/wp\/v2\/types\/post"}],"author":[{"embeddable":true,"href":"https:\/\/www.tierslivre.net\/ateliers\/wp-json\/wp\/v2\/users\/63"}],"replies":[{"embeddable":true,"href":"https:\/\/www.tierslivre.net\/ateliers\/wp-json\/wp\/v2\/comments?post=207146"}],"version-history":[{"count":1,"href":"https:\/\/www.tierslivre.net\/ateliers\/wp-json\/wp\/v2\/posts\/207146\/revisions"}],"predecessor-version":[{"id":207149,"href":"https:\/\/www.tierslivre.net\/ateliers\/wp-json\/wp\/v2\/posts\/207146\/revisions\/207149"}],"wp:attachment":[{"href":"https:\/\/www.tierslivre.net\/ateliers\/wp-json\/wp\/v2\/media?parent=207146"}],"wp:term":[{"taxonomy":"category","embeddable":true,"href":"https:\/\/www.tierslivre.net\/ateliers\/wp-json\/wp\/v2\/categories?post=207146"},{"taxonomy":"post_tag","embeddable":true,"href":"https:\/\/www.tierslivre.net\/ateliers\/wp-json\/wp\/v2\/tags?post=207146"}],"curies":[{"name":"wp","href":"https:\/\/api.w.org\/{rel}","templated":true}]}}