{"id":207201,"date":"2026-03-13T18:49:34","date_gmt":"2026-03-13T17:49:34","guid":{"rendered":"https:\/\/www.tierslivre.net\/ateliers\/?p=207201"},"modified":"2026-03-13T22:48:38","modified_gmt":"2026-03-13T21:48:38","slug":"construire-9-le-roman-que-je-necrirai-jamais","status":"publish","type":"post","link":"https:\/\/www.tierslivre.net\/ateliers\/construire-9-le-roman-que-je-necrirai-jamais\/","title":{"rendered":"#construire #09 | jamais je n&rsquo;\u00e9crirai&#8230;"},"content":{"rendered":"\n<p>Jamais je n&rsquo;\u00e9crirai les paysages des d\u00e9serts du Sahara, de l&rsquo;Himalaya ou des \u00eeles pacifiques, besoin de m&rsquo;\u00eatre confront\u00e9e \u00e0 un lieu pour l&rsquo;\u00e9crire ; pourtant je pourrais \u00e9crire les paysages de la vall\u00e9e de la V\u00e9z\u00e8re au pal\u00e9olithique, tellement impr\u00e9gn\u00e9e de ces lieux j&rsquo;ai \u00e9t\u00e9, par de fr\u00e9quentes p\u00e9r\u00e9grinations entre 2016 et 2025 et des lectures.<\/p>\n\n\n\n<p>Jamais je n&rsquo;\u00e9crirai de journal intime, de texte autobiographique, pourtant mes fragments ne sont-ils pas impr\u00e9gn\u00e9s d&rsquo;\u00e9l\u00e9ments autobiographiques ?<\/p>\n\n\n\n<p>Jamais je n&rsquo;\u00e9crirai l&rsquo;histoire de L\u00e9onie. Pourtant il suffirait peut-\u00eatre d&rsquo;ajouter les fragments aux fragments \u00e9voquant L\u00e9onie pendant la p\u00e9riode 1915 \u00e0 1922, pour reprendre l&rsquo;\u00e9criture.<\/p>\n\n\n\n<p>Longtemps j&rsquo;ai pens\u00e9, jamais je n&rsquo;\u00e9crirai, toujours je lirai. Jamais je n&rsquo;\u00e9crirai. Le dire, l&rsquo;\u00e9crire \u00e0 tue-t\u00eate, pour finalement lancer l&rsquo;\u00e9criture.<\/p>\n\n\n\n<p>Jamais je n&rsquo;\u00e9crirai les ciels de l&rsquo;enfance, les ciels des Ardennes, les ciels gris chagrins de l&rsquo;hiver, les ciels que le jeune Arthur a d\u00fb \u00e9prouver, pas exactement les m\u00eames, mais une atmosph\u00e8re proche. Des ciels qui l&rsquo;ont amen\u00e9 \u00e0 fuir les Ardennes pour de longues marches vers l\u2019ailleurs.<\/p>\n\n\n\n<p>Jamais je n&rsquo;\u00e9crirai le livre <em>la t\u00eate dans les nuages<\/em>, que je suis en train d&rsquo;\u00e9crire, mais que je n&rsquo;\u00e9crirai jamais.<\/p>\n\n\n\n<p>Le jour d&rsquo;apr\u00e8s avoir \u00e9crit, jamais je n&rsquo;\u00e9crirai de journal intime. J&rsquo;ai ouvert un document intitul\u00e9 \u00ab\u00a0\u00e9crire le quotidien au jour le jour\u00a0\u00bb. Je note en introduction <em>Chaque jour \u00e9crire au moins une phrase dans ce journal d&rsquo;\u00e9criture<\/em>.<\/p>\n\n\n\n<p><\/p>\n","protected":false},"excerpt":{"rendered":"<p>Jamais je n&rsquo;\u00e9crirai les paysages des d\u00e9serts du Sahara, de l&rsquo;Himalaya ou des \u00eeles pacifiques, besoin de m&rsquo;\u00eatre confront\u00e9e \u00e0 un lieu pour l&rsquo;\u00e9crire ; pourtant je pourrais \u00e9crire les paysages de la vall\u00e9e de la V\u00e9z\u00e8re au pal\u00e9olithique, tellement impr\u00e9gn\u00e9e de ces lieux j&rsquo;ai \u00e9t\u00e9, par de fr\u00e9quentes p\u00e9r\u00e9grinations entre 2016 et 2025 et des lectures. Jamais je n&rsquo;\u00e9crirai <a class=\"more-link\" href=\"https:\/\/www.tierslivre.net\/ateliers\/construire-9-le-roman-que-je-necrirai-jamais\/\">Continuer la lecture<span class=\"screen-reader-text\">#construire #09 | jamais je n&rsquo;\u00e9crirai&#8230;<\/span><span class=\"meta-nav\">&rarr;<\/span><\/a><\/p>\n","protected":false},"author":565,"featured_media":0,"comment_status":"open","ping_status":"open","sticky":false,"template":"","format":"standard","meta":{"h5ap_radio_sources":[],"footnotes":""},"categories":[7934,7996],"tags":[],"class_list":["post-207201","post","type-post","status-publish","format-standard","hentry","category-construire-nouveau-cycle-2026","category-construire-09-cendrars-que-je-necrirai-jamais"],"_links":{"self":[{"href":"https:\/\/www.tierslivre.net\/ateliers\/wp-json\/wp\/v2\/posts\/207201","targetHints":{"allow":["GET"]}}],"collection":[{"href":"https:\/\/www.tierslivre.net\/ateliers\/wp-json\/wp\/v2\/posts"}],"about":[{"href":"https:\/\/www.tierslivre.net\/ateliers\/wp-json\/wp\/v2\/types\/post"}],"author":[{"embeddable":true,"href":"https:\/\/www.tierslivre.net\/ateliers\/wp-json\/wp\/v2\/users\/565"}],"replies":[{"embeddable":true,"href":"https:\/\/www.tierslivre.net\/ateliers\/wp-json\/wp\/v2\/comments?post=207201"}],"version-history":[{"count":3,"href":"https:\/\/www.tierslivre.net\/ateliers\/wp-json\/wp\/v2\/posts\/207201\/revisions"}],"predecessor-version":[{"id":207204,"href":"https:\/\/www.tierslivre.net\/ateliers\/wp-json\/wp\/v2\/posts\/207201\/revisions\/207204"}],"wp:attachment":[{"href":"https:\/\/www.tierslivre.net\/ateliers\/wp-json\/wp\/v2\/media?parent=207201"}],"wp:term":[{"taxonomy":"category","embeddable":true,"href":"https:\/\/www.tierslivre.net\/ateliers\/wp-json\/wp\/v2\/categories?post=207201"},{"taxonomy":"post_tag","embeddable":true,"href":"https:\/\/www.tierslivre.net\/ateliers\/wp-json\/wp\/v2\/tags?post=207201"}],"curies":[{"name":"wp","href":"https:\/\/api.w.org\/{rel}","templated":true}]}}