{"id":208339,"date":"2026-04-26T07:48:31","date_gmt":"2026-04-26T05:48:31","guid":{"rendered":"https:\/\/www.tierslivre.net\/ateliers\/?p=208339"},"modified":"2026-04-26T08:45:08","modified_gmt":"2026-04-26T06:45:08","slug":"le-livre-comme-fiction-01-le-livre-comme-description","status":"publish","type":"post","link":"https:\/\/www.tierslivre.net\/ateliers\/le-livre-comme-fiction-01-le-livre-comme-description\/","title":{"rendered":"le livre comme fiction | #01, le livre comme description"},"content":{"rendered":"\n<figure class=\"wp-block-embed is-type-video is-provider-youtube wp-block-embed-youtube wp-embed-aspect-16-9 wp-has-aspect-ratio\"><div class=\"wp-block-embed__wrapper\">\n<iframe loading=\"lazy\" title=\"le livre comme fiction | #01, Michel Jullien, le livre comme description\" width=\"800\" height=\"450\" src=\"https:\/\/www.youtube.com\/embed\/Y9ESqjySsKg\" frameborder=\"0\" allow=\"accelerometer; autoplay; clipboard-write; encrypted-media; gyroscope; picture-in-picture; web-share\" referrerpolicy=\"strict-origin-when-cross-origin\" allowfullscreen><\/iframe>\n<\/div><\/figure>\n\n\n\n<p>\u2022 <a href=\"https:\/\/www.tierslivre.net\/ateliers\/en-cours-le-livre-comme-fiction\/le-livre-comme-fiction-1-le-sommaire\/\">sommaire g\u00e9n\u00e9ral des huit propositions<\/a> et <a href=\"https:\/\/www.tierslivre.net\/ateliers\/en-cours-le-livre-comme-fiction\/le-livre-comme-fiction-2-les-participant%c2%b7e%c2%b7s-au-cycle\/\">index des contributrices\u00b7contributeurs<\/a>; <br>\u2022 sur le Patreon: <a href=\"https:\/\/www.patreon.com\/posts\/156566520?collection=1298595\">t\u00e9l\u00e9chargement des textes d&rsquo;appui<\/a> et recevoir la lettre de coordination e-mail; <\/p>\n\n\n\n<p><strong>#01 | Michel Jullien, le livre comme description<\/strong><\/p>\n\n\n\n<p>Dans les livres qui nous sont le plus fondateurs, les plus affectivement li\u00e9s \u00e0 notre propre histoire de la lecture, ou par le rebond imaginaire qu&rsquo;ils permettent, il y a cette cat\u00e9gorie bien pr\u00e9cise de livres dont la trame ou le r\u00e9cit laisse une place d\u00e9cisive \u00e0 une mise en ab\u00eeme bien sp\u00e9cifique, le r\u00f4le en tant que tel d&rsquo;un livre comme corps du r\u00e9cit, ou bascule essentielle de la fiction. <\/p>\n\n\n\n<p>Et c&rsquo;est cela que je souhaitais depuis longtemps explorer.<\/p>\n\n\n\n<p>Ce sera dans une suite pr\u00e9cise de propositions : huit semaines, autant d&rsquo;incises, et, au terme des deux mois, publication d&rsquo;un livre (on le peaufinera et concoctera ensemble) r\u00e9serv\u00e9 aux participant\u00b7e\u00b7s et qui sera trace et ouverture du chemin. <\/p>\n\n\n\n<p>On ne s&rsquo;y risque pas sans filet : de hautes figures sont d\u00e9j\u00e0 ici dans l&rsquo;ombre, Jorge Luis Borges (notamment son <em>Tl\u00f6n Uqbar Orbis Tertius<\/em> qu&rsquo;on explorera de plus pr\u00e8s) ou Marcel Proust, puisque la circularit\u00e9 de <em>La Recherche<\/em> vient de ce que le narrateur, tout au terme de notre lecture, commence de r\u00e9diger le livre qu&rsquo;on vient de lire&#8230;<\/p>\n\n\n\n<p>Mais comment ne pas penser au coup d&rsquo;\u00e9clat l\u00e9gendaire de ce tout d\u00e9but du Quichotte, chapitre IX de la premi\u00e8re partie, relisez-donc (pas la traduction Viardot qui a quand m\u00eame vieilli, mais pourquoi pas Carnavaggio ou Aline Schulman ?).<\/p>\n\n\n\n<p>L&rsquo;envie d&rsquo;aller y voir \u00e9tait latente, ancienne, mais a catalys\u00e9 ces jours-ci en d\u00e9couvrant le livre que Michel Jullien a fait para\u00eetre en mars 2026 chez Verdier, <em>Le format d&rsquo;un livre<\/em>.<\/p>\n\n\n\n<p>Rien de r\u00e9sumable, mais une anthropologie de son propre parcours de lecture, via la permanente m\u00e9diation, et les figures successives, de son rapport au livre. On le recroisera au cours de nos huit semaines, et je vais m&rsquo;en tenir aujourd&rsquo;hui \u00e0 la quasi premi\u00e8re s\u00e9quence de son livre : la cat\u00e9gorisation, au plus pr\u00e8s, de ce qu&rsquo;est la mat\u00e9rialit\u00e9 d&rsquo;un objet livre, et la grille de description qui s&rsquo;en induit. Le dire de cette fa\u00e7on, c&rsquo;est beaucoup trop abstrait: d&rsquo;ailleurs, la toute premi\u00e8re ouverture, c&rsquo;est chez lui le gisant d&rsquo;Ali\u00e9nor d&rsquo;Aquitaine, dans la nef de Fontevraud, et ce livre de marbre qu&rsquo;elle tient \u00e0 la verticale sur son ventre, alors que ses yeux clos sont \u00e0 l&rsquo;horizontale: que lit-elle donc, dans son livre \u00e0 jamais ouvert et vierge ?<\/p>\n\n\n\n<p>Bien s\u00fbr vous reporter tout d&rsquo;abord \u00e0 l&rsquo;extrait en t\u00e9l\u00e9chargement (et, pour un compagnonnage de huit semaines, avec le Don Quichotte d&rsquo;Aline Schulman n&rsquo;h\u00e9sitez pas \u00e0 vous le procurer !): cela commence avec un Zola lu dans l&rsquo;adolescence, la couverture, les marques d&rsquo;usure, les pages corn\u00e9es ou les surlignages, puis une approche d\u00e9tach\u00e9e de tout titre : le \u00abparatexte\u00bb d\u00e9crit par Genette, avec les mentions de copyright et l&rsquo;\u00e9ventuel visa de censure, l&rsquo;achev\u00e9 d&rsquo;imprimer, les fausses couv et les exergues ou \u00e9pigraphes, la IV de couv, mais surtout la mat\u00e9rialit\u00e9 m\u00eame, granulosit\u00e9 du papier (il y reviendra dans le cours du livre), aspect de la tranche et de la reliure, \u00e9ventuelles mentions manuscrites. Vous verrez, c&rsquo;est \u00e0 la fois tr\u00e8s simple et infiniment compliqu\u00e9, puisque le livre, si mat\u00e9riel qu&rsquo;humblement il soit, huit coins six parois, est iindissociable de sa part symbolique ou communautaire. <\/p>\n\n\n\n<p>Ne pas chercher \u00e0 s&#8217;embarquer trop vite, trop loin : on a huit semaines pour d\u00e9plier bien d&rsquo;autres figures. En cherchant moi-m\u00eame comment je r\u00e9pondrais \u00e0 ce que je voulais vous proposer comme point de d\u00e9part, c&rsquo;est mon propre exemplaire du <em>Grand Meaulnes<\/em> que j&rsquo;ai pris sur une \u00e9tag\u00e8re qui reste en permanence tout aupr\u00e8s de ma table, livre de Poche probablement re\u00e7u et lu vers 1966 au moment de la cinqui\u00e8me.<\/p>\n\n\n\n<p>Mais surtout pas dire : voici, c&rsquo;est le Grand Meaulnes. Non, et j&rsquo;ai m\u00eame sorti ma petite r\u00e9glette de m\u00e9tal famili\u00e8re \u00e0 quiconque fait de la mise en page : l&rsquo;objet mesure tant et tant et tant (trois dimensions), et voil\u00e0 l&rsquo;illustration, et voil\u00e0 l&rsquo;absence de pr\u00e9nom dans le nom de l&rsquo;auteur, et voil\u00e0 la typographie qui indique qu&rsquo;il s&rsquo;agit du titre, et ce titre que je lis c&rsquo;est&#8230; \u00e9videmment oui, \u00abLe grand Meaulnes\u00bb, mais tout au long de ma description pr\u00e9cise de ce \u00abvolume\u00bb je m&rsquo;en suis tenu \u00e0 distance, mon histoire avec lui, et comment il m&rsquo;a accompagn\u00e9, ce sera l&rsquo;exploration de propositions \u00e0 suivre, je souhaiterais qu&rsquo;on s&rsquo;en tienne, pour cette proposition de d\u00e9part, \u00e0 une stricte \u00abdescription\u00bb ext\u00e9rieure (comme Gertrude Stein titrait <em>Affinit\u00e9 pour la description<\/em>), s\u00e9par\u00e9e de nous-m\u00eames au point que c&rsquo;est l&rsquo;envie, \u00e0 chaque mot, d&rsquo;entrer dans cette relation personnelle \u00e0 l&rsquo;objet qui va nous pousser pour que la description tende \u00e0 l&rsquo;exhaustif. <\/p>\n\n\n\n<p>Et cela, mutipli\u00e9 par autant de contributrices et contributeurs que nous serons, d\u00e9finira d\u00e9j\u00e0 une premi\u00e8re salle dans notre parcours en huit \u00e9tapes: moi, c&rsquo;\u00e9tait le Meaulnes, vous, quel sera votre choix?<\/p>\n\n\n\n<p>Et penser, s&rsquo;efforcer \u00e0 chaque mot, que toute votre frustration \u2014 \u00e0 vous en tenir \u00e0 la description \u2014 sera justement la force de lecture par le hors champ, le non dit parce que c&rsquo;est la marge invisible de votre d\u00e9cision de seulement <em>d\u00e9crire<\/em>, de vous en tenir \u00e0 votre description.<\/p>\n\n\n\n<p>Et bienvenue bien s\u00fbr \u00e0 toutes celles et ceux, m\u00eame peu familiers de nos pratiques d&rsquo;ateliers et d&rsquo;aventures collectives, qui souhaiteraient nous rejoindre pour ces huit semaines ! <\/p>\n","protected":false},"excerpt":{"rendered":"<p>\u2022 sommaire g\u00e9n\u00e9ral des huit propositions et index des contributrices\u00b7contributeurs; \u2022 sur le Patreon: t\u00e9l\u00e9chargement des textes d&rsquo;appui et recevoir la lettre de coordination e-mail; #01 | Michel Jullien, le livre comme description Dans les livres qui nous sont le plus fondateurs, les plus affectivement li\u00e9s \u00e0 notre propre histoire de la lecture, ou par le rebond imaginaire qu&rsquo;ils permettent, <a class=\"more-link\" href=\"https:\/\/www.tierslivre.net\/ateliers\/le-livre-comme-fiction-01-le-livre-comme-description\/\">Continuer la lecture<span class=\"screen-reader-text\">le livre comme fiction | #01, le livre comme description<\/span><span class=\"meta-nav\">&rarr;<\/span><\/a><\/p>\n","protected":false},"author":1,"featured_media":208340,"comment_status":"open","ping_status":"open","sticky":true,"template":"","format":"standard","meta":{"h5ap_radio_sources":[],"footnotes":""},"categories":[8020,8022,8021],"tags":[],"class_list":["post-208339","post","type-post","status-publish","format-standard","has-post-thumbnail","hentry","category-le-livre-comme-fiction","category-le-livre-comme-fiction-01-le-livre-comme-description","category-le-livre-comme-fiction-ensemble-des-propositions"],"_links":{"self":[{"href":"https:\/\/www.tierslivre.net\/ateliers\/wp-json\/wp\/v2\/posts\/208339","targetHints":{"allow":["GET"]}}],"collection":[{"href":"https:\/\/www.tierslivre.net\/ateliers\/wp-json\/wp\/v2\/posts"}],"about":[{"href":"https:\/\/www.tierslivre.net\/ateliers\/wp-json\/wp\/v2\/types\/post"}],"author":[{"embeddable":true,"href":"https:\/\/www.tierslivre.net\/ateliers\/wp-json\/wp\/v2\/users\/1"}],"replies":[{"embeddable":true,"href":"https:\/\/www.tierslivre.net\/ateliers\/wp-json\/wp\/v2\/comments?post=208339"}],"version-history":[{"count":5,"href":"https:\/\/www.tierslivre.net\/ateliers\/wp-json\/wp\/v2\/posts\/208339\/revisions"}],"predecessor-version":[{"id":208354,"href":"https:\/\/www.tierslivre.net\/ateliers\/wp-json\/wp\/v2\/posts\/208339\/revisions\/208354"}],"wp:featuredmedia":[{"embeddable":true,"href":"https:\/\/www.tierslivre.net\/ateliers\/wp-json\/wp\/v2\/media\/208340"}],"wp:attachment":[{"href":"https:\/\/www.tierslivre.net\/ateliers\/wp-json\/wp\/v2\/media?parent=208339"}],"wp:term":[{"taxonomy":"category","embeddable":true,"href":"https:\/\/www.tierslivre.net\/ateliers\/wp-json\/wp\/v2\/categories?post=208339"},{"taxonomy":"post_tag","embeddable":true,"href":"https:\/\/www.tierslivre.net\/ateliers\/wp-json\/wp\/v2\/tags?post=208339"}],"curies":[{"name":"wp","href":"https:\/\/api.w.org\/{rel}","templated":true}]}}