{"id":208358,"date":"2026-05-01T14:10:09","date_gmt":"2026-05-01T12:10:09","guid":{"rendered":"https:\/\/www.tierslivre.net\/ateliers\/?p=208358"},"modified":"2026-05-01T14:51:33","modified_gmt":"2026-05-01T12:51:33","slug":"livre-01-fond-de-poche","status":"publish","type":"post","link":"https:\/\/www.tierslivre.net\/ateliers\/livre-01-fond-de-poche\/","title":{"rendered":"#livre #01 | Fond de poche"},"content":{"rendered":"\n<p>Je lui avais trouv\u00e9 une place dans un trou de la doublure de mon manteau. A chaque pas que je faisais, il tapait doucement l\u2019os de ma hanche. Si je courais, il s\u2019emballait, pafpafpaf, mieux valait le tenir. Si je sautais, il tirait un peu vers le sol \u2013 mais un peu seulement. Un format poche, quoi.<\/p>\n\n\n\n<p>D\u00e9j\u00e0 \u00e0 la sortie de la librairie, je le tenais contre mon flanc. Tout neuf, tout blanc. Il a vite jauni. Dix ans. Je commence seulement \u00e0 apprendre ce que \u00ab\u00a0dix ans\u00a0\u00bb fait aux choses.<br>Les chapitres sont courts, on peut les lire rapido, dans le d\u00e9sordre\u00a0; la tranche est toute pliss\u00e9e\u00a0d\u2019avoir \u00e9t\u00e9 souvent ferm\u00e9e-rouverte. Les hauts de pages corn\u00e9es, \u00e0 force de se multiplier, ne servaient plus de rep\u00e8res. J\u2019ai opt\u00e9 pour des autocollants bleus trouv\u00e9s \u00e0 la biblioth\u00e8que de la fac. Ensuite, pour des post-its jaunes vifs, les classiques, pris au bureau du call center o\u00f9 j\u2019ai commenc\u00e9 \u00e0 travailler. Et puis plus rien.<\/p>\n\n\n\n<p>Enfin, rien, si. \u00c7a donne un livre \u00e9paissi. J\u2019ai crev\u00e9 de jalousie de ne pas avoir \u00e9crit ce livre, oui, voil\u00e0, je l\u2019avais au moins \u00e9paissi.<\/p>\n\n\n\n<p><\/p>\n\n\n\n<p><\/p>\n","protected":false},"excerpt":{"rendered":"<p>Je lui avais trouv\u00e9 une place dans un trou de la doublure de mon manteau. A chaque pas que je faisais, il tapait doucement l\u2019os de ma hanche. Si je courais, il s\u2019emballait, pafpafpaf, mieux valait le tenir. Si je sautais, il tirait un peu vers le sol \u2013 mais un peu seulement. Un format poche, quoi. D\u00e9j\u00e0 \u00e0 la <a class=\"more-link\" href=\"https:\/\/www.tierslivre.net\/ateliers\/livre-01-fond-de-poche\/\">Continuer la lecture<span class=\"screen-reader-text\">#livre #01 | Fond de poche<\/span><span class=\"meta-nav\">&rarr;<\/span><\/a><\/p>\n","protected":false},"author":713,"featured_media":0,"comment_status":"open","ping_status":"open","sticky":false,"template":"","format":"standard","meta":{"h5ap_radio_sources":[],"footnotes":""},"categories":[8022,1],"tags":[],"class_list":["post-208358","post","type-post","status-publish","format-standard","hentry","category-le-livre-comme-fiction-01-le-livre-comme-description","category-atelier"],"_links":{"self":[{"href":"https:\/\/www.tierslivre.net\/ateliers\/wp-json\/wp\/v2\/posts\/208358","targetHints":{"allow":["GET"]}}],"collection":[{"href":"https:\/\/www.tierslivre.net\/ateliers\/wp-json\/wp\/v2\/posts"}],"about":[{"href":"https:\/\/www.tierslivre.net\/ateliers\/wp-json\/wp\/v2\/types\/post"}],"author":[{"embeddable":true,"href":"https:\/\/www.tierslivre.net\/ateliers\/wp-json\/wp\/v2\/users\/713"}],"replies":[{"embeddable":true,"href":"https:\/\/www.tierslivre.net\/ateliers\/wp-json\/wp\/v2\/comments?post=208358"}],"version-history":[{"count":2,"href":"https:\/\/www.tierslivre.net\/ateliers\/wp-json\/wp\/v2\/posts\/208358\/revisions"}],"predecessor-version":[{"id":208559,"href":"https:\/\/www.tierslivre.net\/ateliers\/wp-json\/wp\/v2\/posts\/208358\/revisions\/208559"}],"wp:attachment":[{"href":"https:\/\/www.tierslivre.net\/ateliers\/wp-json\/wp\/v2\/media?parent=208358"}],"wp:term":[{"taxonomy":"category","embeddable":true,"href":"https:\/\/www.tierslivre.net\/ateliers\/wp-json\/wp\/v2\/categories?post=208358"},{"taxonomy":"post_tag","embeddable":true,"href":"https:\/\/www.tierslivre.net\/ateliers\/wp-json\/wp\/v2\/tags?post=208358"}],"curies":[{"name":"wp","href":"https:\/\/api.w.org\/{rel}","templated":true}]}}