{"id":208400,"date":"2026-04-28T12:36:01","date_gmt":"2026-04-28T10:36:01","guid":{"rendered":"https:\/\/www.tierslivre.net\/ateliers\/?p=208400"},"modified":"2026-04-28T12:43:53","modified_gmt":"2026-04-28T10:43:53","slug":"01-le-livre-comme-description-mais-mon-livre-je-lai-cherche-partout","status":"publish","type":"post","link":"https:\/\/www.tierslivre.net\/ateliers\/01-le-livre-comme-description-mais-mon-livre-je-lai-cherche-partout\/","title":{"rendered":"#LLCF#01\/ mais mon livre je l&rsquo;ai cherch\u00e9 partout"},"content":{"rendered":"\n<p>\u2026mais mon livre je l\u2019ai cherch\u00e9 partout dans la maison j\u2019 ai mont\u00e9 descendu les escaliers avec ma jambes toute boiteuse marche par marche dans un sens et dans l\u2019autre et le premier palier le bureau la biblioth\u00e8que de docs et la biblioth\u00e8que d\u2019atelier et la biblioth\u00e8que d\u2019archives vingt ans d\u2019ateliers d\u2019\u00e9criture \u00e7a s\u2019accumule forc\u00e9ment mais o\u00f9 est-il ce petit poche jauni ce petit folio qui a enferm\u00e9 toutes mes h\u00e9sitations une grande de 11 ans \u00e7a lit plus des biblioth\u00e8ques vertes mon poche on me l\u2019a donn\u00e9 comme \u00e7a un livre pour toi on m\u2019a dit c\u2019est l\u2019histoire d\u2019une sauvageonne qui a le m\u00eame \u00e2ge que toi qui fait rien \u00ab&nbsp;decequonluidit&nbsp;\u00bb. Il \u00e9tait l\u00e0 ce livre dans ma biblioth\u00e8que \u00e0 c\u00f4t\u00e9 des Enid Blitton, h\u00e9rit\u00e9s d\u2019un cousin, maniacod\u00e9pressif qui faisait que des collections de collections, il m\u2019avait tout donner, pour se d\u00e9barrasser j\u2019en ai pas lu un seul, un, peut-\u00eatre, me rappelle plus.<\/p>\n\n\n\n<p>J\u2019ai fini par mettre la main dessus, enfin, tout mon corps sur mon lion \u00e0 la toison dor\u00e9e qui se fondait dans les broussailles de la savane . En bas \u00e0 droite des pattes, le logo noir folio et en haut dans le ciel ocre \u00ab\u00a0Le lion\u00a0\u00bb en times avec un majuscule sur l\u2019article masculin singulier \u00ab\u00a0Le\u00a0\u00bb\u00a0\u00e0 gauche Kessel sans pr\u00e9nom, ils n\u2019ont pas jug\u00e9 bon de mettre Joseph, peut-\u00eatre ringard comme pr\u00e9nom, trop biblique, trop \u2026Sur la tranche un num\u00e9ro 49, et sur la quatri\u00e8me \u00abKing l\u00e9cha le visage de Patricia et me tendit son mufle que je grattai entre les yeux\u2026\u00a0\u00bb &#8230;\u00ab\u00a0L\u2019histoire d\u2019un amour fou entre une petite fille et un lion. Un million d\u2019exemplaires vendus en France\u00a0\u00bb<\/p>\n\n\n\n<p>L\u2019achev\u00e9 d\u2019imprim\u00e9 date de 1975, j\u2019avais exactement 11 ans.<\/p>\n\n\n\n<p>Pas vraiment de souvenirs de ce livre, une ambiance surtout, la chaleur r\u00e9confortante de se blottir entre les pattes de King et puis la sc\u00e8ne finale horrible , alors \u2026Je reprends mon King \u00e0 bras le corps et je le relis doucement essayant de me souvenir, mais rien, alors je le relis pour moi une nouvelle fois, et j\u2019aime, j\u2019aime beaucoup, et mon c\u0153ur palpite, et saigne un peu, ce livre simplement redevient ma r\u00e9f\u00e9rence, il raconte le monde sauvage, le respect de la nature, ce cadeau, l\u00e0 sous nos yeux \u2026Merci Joseph Kessel.<\/p>\n","protected":false},"excerpt":{"rendered":"<p>\u2026mais mon livre je l\u2019ai cherch\u00e9 partout dans la maison j\u2019 ai mont\u00e9 descendu les escaliers avec ma jambes toute boiteuse marche par marche dans un sens et dans l\u2019autre et le premier palier le bureau la biblioth\u00e8que de docs et la biblioth\u00e8que d\u2019atelier et la biblioth\u00e8que d\u2019archives vingt ans d\u2019ateliers d\u2019\u00e9criture \u00e7a s\u2019accumule forc\u00e9ment mais o\u00f9 est-il ce petit <a class=\"more-link\" href=\"https:\/\/www.tierslivre.net\/ateliers\/01-le-livre-comme-description-mais-mon-livre-je-lai-cherche-partout\/\">Continuer la lecture<span class=\"screen-reader-text\">#LLCF#01\/ mais mon livre je l&rsquo;ai cherch\u00e9 partout<\/span><span class=\"meta-nav\">&rarr;<\/span><\/a><\/p>\n","protected":false},"author":672,"featured_media":0,"comment_status":"open","ping_status":"open","sticky":false,"template":"","format":"standard","meta":{"h5ap_radio_sources":[],"footnotes":""},"categories":[8022],"tags":[],"class_list":["post-208400","post","type-post","status-publish","format-standard","hentry","category-le-livre-comme-fiction-01-le-livre-comme-description"],"_links":{"self":[{"href":"https:\/\/www.tierslivre.net\/ateliers\/wp-json\/wp\/v2\/posts\/208400","targetHints":{"allow":["GET"]}}],"collection":[{"href":"https:\/\/www.tierslivre.net\/ateliers\/wp-json\/wp\/v2\/posts"}],"about":[{"href":"https:\/\/www.tierslivre.net\/ateliers\/wp-json\/wp\/v2\/types\/post"}],"author":[{"embeddable":true,"href":"https:\/\/www.tierslivre.net\/ateliers\/wp-json\/wp\/v2\/users\/672"}],"replies":[{"embeddable":true,"href":"https:\/\/www.tierslivre.net\/ateliers\/wp-json\/wp\/v2\/comments?post=208400"}],"version-history":[{"count":3,"href":"https:\/\/www.tierslivre.net\/ateliers\/wp-json\/wp\/v2\/posts\/208400\/revisions"}],"predecessor-version":[{"id":208403,"href":"https:\/\/www.tierslivre.net\/ateliers\/wp-json\/wp\/v2\/posts\/208400\/revisions\/208403"}],"wp:attachment":[{"href":"https:\/\/www.tierslivre.net\/ateliers\/wp-json\/wp\/v2\/media?parent=208400"}],"wp:term":[{"taxonomy":"category","embeddable":true,"href":"https:\/\/www.tierslivre.net\/ateliers\/wp-json\/wp\/v2\/categories?post=208400"},{"taxonomy":"post_tag","embeddable":true,"href":"https:\/\/www.tierslivre.net\/ateliers\/wp-json\/wp\/v2\/tags?post=208400"}],"curies":[{"name":"wp","href":"https:\/\/api.w.org\/{rel}","templated":true}]}}