{"id":208419,"date":"2026-04-28T18:14:43","date_gmt":"2026-04-28T16:14:43","guid":{"rendered":"https:\/\/www.tierslivre.net\/ateliers\/?p=208419"},"modified":"2026-04-28T20:36:06","modified_gmt":"2026-04-28T18:36:06","slug":"llcf-01-voir-double","status":"publish","type":"post","link":"https:\/\/www.tierslivre.net\/ateliers\/llcf-01-voir-double\/","title":{"rendered":"#LLCF #01 | Voir double"},"content":{"rendered":"\n<p>Je les ai trouv\u00e9s tr\u00e8s facilement, bien identifi\u00e9s \u00e0 la tranche et d\u2019abord par la couleur, un vermillon un peu pass\u00e9 pour l\u2019un, plus p\u00e2le encore pour l\u2019autre. Le titre, l\u2019auteur et trois lettrines entrelac\u00e9es LTR pour l\u2019\u00e9diteur que je n\u2019identifie que sur la couverture\u00a0: La Table Ronde et ne pas me souvenir m\u2019\u00eatre sentie chevalier. Ils \u00e9taient espac\u00e9s l\u2019un de l\u2019autre de six livres, je les ai extraits et je les ai regard\u00e9s, tous deux alt\u00e9r\u00e9s par l\u2019\u00e2ge, l\u2019un plus que l\u2019autre dont la couverture est un peu d\u00e9chir\u00e9e le long du dos coll\u00e9, des stries blanches, l\u00e0 o\u00f9 la couleur est partie, les aplats \u00e9crus mais gris\u00e9s, salis du titre, Antigone, et du dessin stylis\u00e9 qui symbolise \u00ab\u00a0la petite maigre\u00a0\u00bb et son oncle. La typo et la gravure sont imprim\u00e9es dans une teinte marron. Au dos, sur aplat rouge, les m\u00eames mentions pour le dessin et l\u2019atelier, m\u00eame imprimeur, m\u00eame isbn mais pas le m\u00eame prix, 19,90 F pour le plus ab\u00eem\u00e9 et sans doute le plus vieux et 21 F pour l\u2019autre, avec des chiffres que je n\u2019identifie pas\u00a0: 85-I. \u00c0 l\u2019ouverture, les deux ont absolument la m\u00eame teinte jaunie des vieux livres et la m\u00eame odeur de renferm\u00e9, de vieilles armoires, une odeur de grenier. Le plus vieux est paradoxalement le plus annot\u00e9 \u00e0 l&rsquo;int\u00e9rieur avec la mention NON r\u00e9p\u00e9t\u00e9e plus d&rsquo;une dizaine de fois, des num\u00e9rotations, les mots <em>solitude<\/em>, <em>tendresse<\/em>, <em>parano\u00efa<\/em>, <em>prise de pouvoir,<\/em> tandis que le plus r\u00e9cent est griffonn\u00e9 au d\u00e9but et les pages corn\u00e9es avec quelques annotations sur certaines mais surtout, au dos de la couverture, des mots doux sign\u00e9s, fa\u00e7on de d\u00e9dicaces dont je d\u00e9chiffre la signature, je reconnais le pr\u00e9nom de l\u2019une, l\u2019autre restant un myst\u00e8re. Et un insolite BOU (sans h). En vis \u00e0 vis, un num\u00e9ro de t\u00e9l\u00e9phone \u00e0 7 chiffres et un pr\u00e9nom, \u00e9crits de ma main mais qui ne me rappellent personne. Sur cette m\u00eame fausse couv, de la main de quelqu\u2019un d\u2019autre que moi, une \u00e9trange liste qui m\u00eale entre autres\u00a0: une bassine+linge, des biscotte (sans s), des cartes, du piment, un drap, du tabac, un <em>calpin<\/em>, une cravache, une sacoche, le tout assorti d\u2019un gribouillis. A la fin, pour les deux livres il est pr\u00e9cis\u00e9\u00a0: Imprimerie Aubin (pr\u00e9cision Offset uniquement sur l\u2019un, 86000 Poitiers d\u2019un c\u00f4t\u00e9, 86000 Ligug\u00e9 de l\u2019autre) &#8211; Imprim\u00e9 en France. La date indiqu\u00e9e confirme que l\u2019un est d\u2019un an plus vieux que l\u2019autre\u00a0: f\u00e9vrier 1984 et f\u00e9vrier 1985. Je ne sais plus pourquoi j\u2019en ai deux, si je l\u2019avais \u00e9gar\u00e9 ou pas puisqu\u2019\u00e9tudi\u00e9 d\u2019abord en 3\u00e8me, en classe de fran\u00e7ais, puis jou\u00e9 au lyc\u00e9e avec notre professeur de fran\u00e7ais et de latin en 2de, dans un nouvel \u00e9tablissement, avec de nouveaux copains. Dans cette pi\u00e8ce ador\u00e9e de Jean Anouilh que nous interpr\u00e9tions, j\u2019\u00e9tais le choeur \u00e0 moi toute seule. Double amphith\u00e9\u00e2tre pour double livre, celui r\u00e9serv\u00e9 au professeur, un peu cabot, et celui en ext\u00e9rieur, dans un parc de la ville o\u00f9 nous r\u00e9p\u00e9tions la pi\u00e8ce.<\/p>\n\n\n\n<p>Pourquoi l\u2019ai-je en double&nbsp;? Impossible de me le rappeler.<\/p>\n","protected":false},"excerpt":{"rendered":"<p>Je les ai trouv\u00e9s tr\u00e8s facilement, bien identifi\u00e9s \u00e0 la tranche et d\u2019abord par la couleur, un vermillon un peu pass\u00e9 pour l\u2019un, plus p\u00e2le encore pour l\u2019autre. Le titre, l\u2019auteur et trois lettrines entrelac\u00e9es LTR pour l\u2019\u00e9diteur que je n\u2019identifie que sur la couverture\u00a0: La Table Ronde et ne pas me souvenir m\u2019\u00eatre sentie chevalier. Ils \u00e9taient espac\u00e9s l\u2019un <a class=\"more-link\" href=\"https:\/\/www.tierslivre.net\/ateliers\/llcf-01-voir-double\/\">Continuer la lecture<span class=\"screen-reader-text\">#LLCF #01 | Voir double<\/span><span class=\"meta-nav\">&rarr;<\/span><\/a><\/p>\n","protected":false},"author":546,"featured_media":0,"comment_status":"open","ping_status":"open","sticky":false,"template":"","format":"standard","meta":{"h5ap_radio_sources":[],"footnotes":""},"categories":[8020,8022],"tags":[],"class_list":["post-208419","post","type-post","status-publish","format-standard","hentry","category-le-livre-comme-fiction","category-le-livre-comme-fiction-01-le-livre-comme-description"],"_links":{"self":[{"href":"https:\/\/www.tierslivre.net\/ateliers\/wp-json\/wp\/v2\/posts\/208419","targetHints":{"allow":["GET"]}}],"collection":[{"href":"https:\/\/www.tierslivre.net\/ateliers\/wp-json\/wp\/v2\/posts"}],"about":[{"href":"https:\/\/www.tierslivre.net\/ateliers\/wp-json\/wp\/v2\/types\/post"}],"author":[{"embeddable":true,"href":"https:\/\/www.tierslivre.net\/ateliers\/wp-json\/wp\/v2\/users\/546"}],"replies":[{"embeddable":true,"href":"https:\/\/www.tierslivre.net\/ateliers\/wp-json\/wp\/v2\/comments?post=208419"}],"version-history":[{"count":6,"href":"https:\/\/www.tierslivre.net\/ateliers\/wp-json\/wp\/v2\/posts\/208419\/revisions"}],"predecessor-version":[{"id":208430,"href":"https:\/\/www.tierslivre.net\/ateliers\/wp-json\/wp\/v2\/posts\/208419\/revisions\/208430"}],"wp:attachment":[{"href":"https:\/\/www.tierslivre.net\/ateliers\/wp-json\/wp\/v2\/media?parent=208419"}],"wp:term":[{"taxonomy":"category","embeddable":true,"href":"https:\/\/www.tierslivre.net\/ateliers\/wp-json\/wp\/v2\/categories?post=208419"},{"taxonomy":"post_tag","embeddable":true,"href":"https:\/\/www.tierslivre.net\/ateliers\/wp-json\/wp\/v2\/tags?post=208419"}],"curies":[{"name":"wp","href":"https:\/\/api.w.org\/{rel}","templated":true}]}}