{"id":208467,"date":"2026-04-29T17:15:58","date_gmt":"2026-04-29T15:15:58","guid":{"rendered":"https:\/\/www.tierslivre.net\/ateliers\/?p=208467"},"modified":"2026-04-29T17:15:59","modified_gmt":"2026-04-29T15:15:59","slug":"livre-01-mise-en-abime","status":"publish","type":"post","link":"https:\/\/www.tierslivre.net\/ateliers\/livre-01-mise-en-abime\/","title":{"rendered":"#livre #01 | mise en ab\u00eeme"},"content":{"rendered":"\n<p>Il \u00e9tait plus de minuit lorsque le personnage de la page 12 referma&nbsp;<em>Le Trait\u00e9 du jardin<\/em>&nbsp;de Ji Cheng qu\u2019il relisait souvent.<\/p>\n\n\n\n<p>Ce matin-l\u00e0 il relut \u00e0 nouveau le passage du&nbsp;<em>Trait\u00e9 du jardin<\/em>&nbsp;sur lequel il s\u2019\u00e9tait endormi la veille.&nbsp;<em>Yuanye<\/em>, \u00e9crit par le peintre et po\u00e8te chinois Ji Cheng, \u00e9tait un ouvrage unique, publi\u00e9 en 1634, exclusivement consacr\u00e9 \u00e0 l\u2019art du jardin.<\/p>\n\n\n\n<p>On peut lire aussi page 13:&nbsp;<\/p>\n\n\n\n<p>Il aimait Ji Cheng parce qu\u2019il aimait voluptueusement le calme, l\u2019harmonie et la paix. Ses lectures du&nbsp;<em>Trait\u00e9 du jardin<\/em>&nbsp;lui \u00e9taient indispensables parce qu\u2019il passait sa vie \u00e0 traiter des textes de menaces, de violences et de mort.<\/p>\n\n\n\n<p class=\"has-black-color has-light-gray-background-color has-text-color has-background has-link-color wp-elements-772c515fc4a0be5a697aa4777760e361\">Questions : que dit le personnage du personnage qui invente un personnage ? que contient le livre qui contient un livre ?<\/p>\n\n\n\n<p><\/p>\n","protected":false},"excerpt":{"rendered":"<p>Il \u00e9tait plus de minuit lorsque le personnage de la page 12 referma&nbsp;Le Trait\u00e9 du jardin&nbsp;de Ji Cheng qu\u2019il relisait souvent. Ce matin-l\u00e0 il relut \u00e0 nouveau le passage du&nbsp;Trait\u00e9 du jardin&nbsp;sur lequel il s\u2019\u00e9tait endormi la veille.&nbsp;Yuanye, \u00e9crit par le peintre et po\u00e8te chinois Ji Cheng, \u00e9tait un ouvrage unique, publi\u00e9 en 1634, exclusivement consacr\u00e9 \u00e0 l\u2019art du jardin. <a class=\"more-link\" href=\"https:\/\/www.tierslivre.net\/ateliers\/livre-01-mise-en-abime\/\">Continuer la lecture<span class=\"screen-reader-text\">#livre #01 | mise en ab\u00eeme<\/span><span class=\"meta-nav\">&rarr;<\/span><\/a><\/p>\n","protected":false},"author":62,"featured_media":0,"comment_status":"open","ping_status":"open","sticky":false,"template":"","format":"standard","meta":{"h5ap_radio_sources":[],"footnotes":""},"categories":[8020,8022],"tags":[1810,8023],"class_list":["post-208467","post","type-post","status-publish","format-standard","hentry","category-le-livre-comme-fiction","category-le-livre-comme-fiction-01-le-livre-comme-description","tag-images-mentales","tag-prose-et-plus-si-affinites"],"_links":{"self":[{"href":"https:\/\/www.tierslivre.net\/ateliers\/wp-json\/wp\/v2\/posts\/208467","targetHints":{"allow":["GET"]}}],"collection":[{"href":"https:\/\/www.tierslivre.net\/ateliers\/wp-json\/wp\/v2\/posts"}],"about":[{"href":"https:\/\/www.tierslivre.net\/ateliers\/wp-json\/wp\/v2\/types\/post"}],"author":[{"embeddable":true,"href":"https:\/\/www.tierslivre.net\/ateliers\/wp-json\/wp\/v2\/users\/62"}],"replies":[{"embeddable":true,"href":"https:\/\/www.tierslivre.net\/ateliers\/wp-json\/wp\/v2\/comments?post=208467"}],"version-history":[{"count":1,"href":"https:\/\/www.tierslivre.net\/ateliers\/wp-json\/wp\/v2\/posts\/208467\/revisions"}],"predecessor-version":[{"id":208468,"href":"https:\/\/www.tierslivre.net\/ateliers\/wp-json\/wp\/v2\/posts\/208467\/revisions\/208468"}],"wp:attachment":[{"href":"https:\/\/www.tierslivre.net\/ateliers\/wp-json\/wp\/v2\/media?parent=208467"}],"wp:term":[{"taxonomy":"category","embeddable":true,"href":"https:\/\/www.tierslivre.net\/ateliers\/wp-json\/wp\/v2\/categories?post=208467"},{"taxonomy":"post_tag","embeddable":true,"href":"https:\/\/www.tierslivre.net\/ateliers\/wp-json\/wp\/v2\/tags?post=208467"}],"curies":[{"name":"wp","href":"https:\/\/api.w.org\/{rel}","templated":true}]}}