{"id":208486,"date":"2026-04-30T12:48:15","date_gmt":"2026-04-30T10:48:15","guid":{"rendered":"https:\/\/www.tierslivre.net\/ateliers\/?p=208486"},"modified":"2026-04-30T12:48:16","modified_gmt":"2026-04-30T10:48:16","slug":"le-livre-comme-fiction-01-compter","status":"publish","type":"post","link":"https:\/\/www.tierslivre.net\/ateliers\/le-livre-comme-fiction-01-compter\/","title":{"rendered":"le livre comme fiction | #01 compter"},"content":{"rendered":"\n<p><\/p>\n\n\n\n<p><\/p>\n\n\n\n<p>compter<\/p>\n\n\n\n<p>Ce sont ici ses mensurations \u2013 taille mannequin : livre de poche \u2013 11,8 2,0 18,0 centim\u00e8tres (m\u00e8tre ruban tissu dans les turquoises)<\/p>\n\n\n\n<figure class=\"wp-block-image size-large\"><img loading=\"lazy\" decoding=\"async\" width=\"1024\" height=\"771\" src=\"https:\/\/www.tierslivre.net\/ateliers\/wp-content\/uploads\/2026\/04\/ruban-1024x771.jpg\" alt=\"\" class=\"wp-image-208487\" srcset=\"https:\/\/www.tierslivre.net\/ateliers\/wp-content\/uploads\/2026\/04\/ruban-1024x771.jpg 1024w, https:\/\/www.tierslivre.net\/ateliers\/wp-content\/uploads\/2026\/04\/ruban-420x316.jpg 420w, https:\/\/www.tierslivre.net\/ateliers\/wp-content\/uploads\/2026\/04\/ruban-768x578.jpg 768w, https:\/\/www.tierslivre.net\/ateliers\/wp-content\/uploads\/2026\/04\/ruban-1536x1157.jpg 1536w, https:\/\/www.tierslivre.net\/ateliers\/wp-content\/uploads\/2026\/04\/ruban-2048x1542.jpg 2048w\" sizes=\"auto, (max-width: 1024px) 100vw, 1024px\" \/><\/figure>\n\n\n\n<p> \u2013 poids net\u00a0: 180 grammes (mat\u00e9riel : balance de cuisine terraillon <em>grand plateau forme arrondie couleur naturelle<\/em>) <\/p>\n\n\n\n<figure class=\"wp-block-image size-large\"><img loading=\"lazy\" decoding=\"async\" width=\"1024\" height=\"771\" src=\"https:\/\/www.tierslivre.net\/ateliers\/wp-content\/uploads\/2026\/04\/poids-1024x771.jpg\" alt=\"\" class=\"wp-image-208488\" srcset=\"https:\/\/www.tierslivre.net\/ateliers\/wp-content\/uploads\/2026\/04\/poids-1024x771.jpg 1024w, https:\/\/www.tierslivre.net\/ateliers\/wp-content\/uploads\/2026\/04\/poids-420x316.jpg 420w, https:\/\/www.tierslivre.net\/ateliers\/wp-content\/uploads\/2026\/04\/poids-768x578.jpg 768w, https:\/\/www.tierslivre.net\/ateliers\/wp-content\/uploads\/2026\/04\/poids-1536x1157.jpg 1536w, https:\/\/www.tierslivre.net\/ateliers\/wp-content\/uploads\/2026\/04\/poids-2048x1542.jpg 2048w\" sizes=\"auto, (max-width: 1024px) 100vw, 1024px\" \/><\/figure>\n\n\n\n<p>\u2013 sur la couverture, le nom de l\u2019auteur est en noir, le titre plut\u00f4t dans les rouges marrons, cinq mots en majuscules, puis en italiques, la premi\u00e8re du premier mot en majuscule, huit autres mots plus une ann\u00e9e &#8211; en haut \u00e0 droite en assez petit et lettres majuscules blanches sur fond noir le titre de la collection, qui comporte un O enti\u00e8rement blancs \u2013 sur la tranche on d\u00e9couvre un P 1915 du m\u00eame noir que le nom de l\u2019auteur, les cinq m\u00eames mots de couleur rouge marron sang coagul\u00e9 \u2013 l\u2019auteur est mort, c\u2019est vrai aussi \u2013 les pages se d\u00e9tachent fruit d\u2019un trop grand nombre d\u2019ouvertures peut-\u00eatre (encore qu\u2019un livre ait \u00e0 \u00eatre ouvert plus d\u2019une centaine de fois je suppose) et d\u2019une fabrication r\u00e9alis\u00e9e au sceau de l\u2019\u00e9conomie la plus pourrie, le papier (beige), les \u00e9critures (noires), la colle tout est de qualit\u00e9 basse (sur ce qu\u2019on appelle vulgairement\u00a0\u00ab\u00a0la quatri\u00e8me de couv\u00a0\u00bb (de Murville ai-je toujours envie d\u2019ajouter) sur laquelle on peut voir en bas \u00e0 droite le prix de l\u2019exemplaire 7\u20ac , sur la gauche le code-barre et ses chiffres 9 782757 805350 (je suis d\u2019accord que ces chiffres n\u2019ont aucun int\u00e9r\u00eat*) \u2013 entre le prix donc et le code-barre (lequel, comme on va le voir, reprend les m\u00eames chiffres que ceux de l\u2019ISBN \u2013 International Standard Book Number) &#8211; quatre  lignes de petite \u00e9criture indiquent<\/p>\n\n\n\n<p class=\"has-text-align-center\">Photo auteur\u00a0: \u00a9 Keystone<br>Couverture\u00a0: \u00a9 Volp\/Sipa<br>Points, 27 rue Jacob, Paris 6<br>ISBN 978.2.7578.0535.0\/Imp. en France 04.08<\/p>\n\n\n\n<p>en haut \u00e9crit en fines majuscules T\u00c9MOIGNAGE et une petite photo (une esp\u00e8ce de m\u00e9daillon mais assez rectangulaire montrant le visage de l\u2019auteur en assez gros plan, coup\u00e9 haut du cr\u00e2ne afin de cacher son d\u00e9but de calvitie (je pense mais surtout la m\u00e8che blanche qu\u2019il porte sur le haut du cr\u00e2ne, ses cheveux sont plut\u00f4t poivre et sel, on voit le haut du col de sa chemise, blanc) souriant \u00e0 peine donc, quelques mots sur fond rouge marron sang \u2013 il y aurait beaucoup \u00e0 dire encore sur la plupart des textes en ouvrant le livre, mais on d\u00e9couvre d\u2019abord qui se d\u00e9tache d\u2019elle-m\u00eame une page blanche (enfin beige et vide), puis une notice disons neuf lignes biographiques de l\u2019auteur sous le titre en majuscules et trois lignes, la page du titre un sommaire, une introduction titr\u00e9e <em>Un mur de mots<\/em> puis une autre introduction r\u00e9dig\u00e9e par la traductrice \u2013 un premier carnet (nommons-le de la sorte) fait des premi\u00e8res pages (non pagin\u00e9es) jusqu\u2019\u00e0 la 28, un autre de 29 \u00e0 100, le reste (de 101 \u00e0 316 (la 317\u00b0 page qui constitue la fin de l\u2019index des noms de personnes (R \u00e0 Z), les pages 319, 320 et 321 &#8211; non pagin\u00e9es) se montrant seules solidaires de la couverture faite d\u2019un carton rigide et plastifi\u00e9) \u2013 il y a une photo de l\u2019auteur, mal d\u00e9coup\u00e9e, sur le fond blanc de la (donc) premi\u00e8re de couve (de Murville) on ne le voit pas mais il tient la une d\u2019un journal titr\u00e9 <em>La Reppublica<\/em> de chaque c\u00f4t\u00e9 du titre, des publicit\u00e9s crois-je reconna\u00eetre pour une marque de spiritueux \u00e9tazunienne<\/p>\n\n\n\n<p>(*)\u00a0: en ins\u00e9rant ce num\u00e9ro dans quelque case on trouverait assez imm\u00e9diatement \u2013 dans la rubrique image \u2013 le livre en question<\/p>\n\n\n\n<p><\/p>\n\n\n\n<pre class=\"wp-block-code has-medium-gray-background-color has-background\"><code>\u00e7a me d\u00e9sole mais je pars - je rattraperai mon retard (si je peux me permettre d'intituler ainsi cette d\u00e9sertion (elle n'est pas que de mon fait d'ailleurs : ce sont imp\u00e9ratifs professionnels et familiaux  - n'importe :ce n'en est point une) mais malgr\u00e9 tout, l'atelier pr\u00e9c\u00e9dent o\u00f9 je suis encore (#construire) a \u00e9t\u00e9 l'occasion de retourner voir du c\u00f4t\u00e9 d'un texte d\u00e9j\u00e0 travaill\u00e9 ici - j'en ai presque termin\u00e9 il se titre <em>Norma - <\/em>(construire Norma donc) tandis que celui de ce printemps (d\u00e9j\u00e0 bien entam\u00e9) se tournera (puisque l'autre est - disons - <em>pratiquement<\/em> termin\u00e9) vers un autre chantier (aussi tr\u00e8s entam\u00e9) dont le sujet, le soutien, la teneur la volont\u00e9 l'objet l'\u00e9thique part du fait que \u00e9crire, pour l'auteur du livre dont il est ici (je veux dire en #01 - je ne suis pas certain (comme toujours) d'avoir tr\u00e8s bien compris le moteur de ce cycle-ci) le livre en question qui est \u00e9pistolaire en un sens, \u00e9tait une affaire de vie ou de mort (ni plus ni moins) (ou du moins est-ce ainsi qu'il l'avait envisag\u00e9 - en avait-il pris le parti (de ce que je peux en d\u00e9celer dans ce travail qui dure encore) je ne crois pas, il y \u00e9tait forc\u00e9 oblig\u00e9 et par dessus tout, probablement, <em>il y croyait<\/em>. \nUn peu comme moi ici m\u00eame <\/code><\/pre>\n","protected":false},"excerpt":{"rendered":"<p>compter Ce sont ici ses mensurations \u2013 taille mannequin : livre de poche \u2013 11,8 2,0 18,0 centim\u00e8tres (m\u00e8tre ruban tissu dans les turquoises) \u2013 poids net\u00a0: 180 grammes (mat\u00e9riel : balance de cuisine terraillon grand plateau forme arrondie couleur naturelle) \u2013 sur la couverture, le nom de l\u2019auteur est en noir, le titre plut\u00f4t dans les rouges marrons, cinq <a class=\"more-link\" href=\"https:\/\/www.tierslivre.net\/ateliers\/le-livre-comme-fiction-01-compter\/\">Continuer la lecture<span class=\"screen-reader-text\">le livre comme fiction | #01 compter<\/span><span class=\"meta-nav\">&rarr;<\/span><\/a><\/p>\n","protected":false},"author":86,"featured_media":0,"comment_status":"open","ping_status":"open","sticky":false,"template":"","format":"standard","meta":{"h5ap_radio_sources":[],"footnotes":""},"categories":[8020,8022],"tags":[],"class_list":["post-208486","post","type-post","status-publish","format-standard","hentry","category-le-livre-comme-fiction","category-le-livre-comme-fiction-01-le-livre-comme-description"],"_links":{"self":[{"href":"https:\/\/www.tierslivre.net\/ateliers\/wp-json\/wp\/v2\/posts\/208486","targetHints":{"allow":["GET"]}}],"collection":[{"href":"https:\/\/www.tierslivre.net\/ateliers\/wp-json\/wp\/v2\/posts"}],"about":[{"href":"https:\/\/www.tierslivre.net\/ateliers\/wp-json\/wp\/v2\/types\/post"}],"author":[{"embeddable":true,"href":"https:\/\/www.tierslivre.net\/ateliers\/wp-json\/wp\/v2\/users\/86"}],"replies":[{"embeddable":true,"href":"https:\/\/www.tierslivre.net\/ateliers\/wp-json\/wp\/v2\/comments?post=208486"}],"version-history":[{"count":1,"href":"https:\/\/www.tierslivre.net\/ateliers\/wp-json\/wp\/v2\/posts\/208486\/revisions"}],"predecessor-version":[{"id":208489,"href":"https:\/\/www.tierslivre.net\/ateliers\/wp-json\/wp\/v2\/posts\/208486\/revisions\/208489"}],"wp:attachment":[{"href":"https:\/\/www.tierslivre.net\/ateliers\/wp-json\/wp\/v2\/media?parent=208486"}],"wp:term":[{"taxonomy":"category","embeddable":true,"href":"https:\/\/www.tierslivre.net\/ateliers\/wp-json\/wp\/v2\/categories?post=208486"},{"taxonomy":"post_tag","embeddable":true,"href":"https:\/\/www.tierslivre.net\/ateliers\/wp-json\/wp\/v2\/tags?post=208486"}],"curies":[{"name":"wp","href":"https:\/\/api.w.org\/{rel}","templated":true}]}}