{"id":208493,"date":"2026-04-30T16:50:29","date_gmt":"2026-04-30T14:50:29","guid":{"rendered":"https:\/\/www.tierslivre.net\/ateliers\/?p=208493"},"modified":"2026-04-30T18:54:25","modified_gmt":"2026-04-30T16:54:25","slug":"le-livre-comme-fiction-01-mes-flaubert","status":"publish","type":"post","link":"https:\/\/www.tierslivre.net\/ateliers\/le-livre-comme-fiction-01-mes-flaubert\/","title":{"rendered":"#livre #01 | Mes Flaubert"},"content":{"rendered":"\n<details class=\"wp-block-details is-layout-flow wp-block-details-is-layout-flow\"><summary><\/summary>\n<p><\/p>\n<\/details>\n\n\n\n<figure class=\"wp-block-image size-full\"><img loading=\"lazy\" decoding=\"async\" width=\"480\" height=\"640\" src=\"https:\/\/www.tierslivre.net\/ateliers\/wp-content\/uploads\/2026\/04\/IMG_5230-3-rotated.jpeg\" alt=\"\" class=\"wp-image-208496\" srcset=\"https:\/\/www.tierslivre.net\/ateliers\/wp-content\/uploads\/2026\/04\/IMG_5230-3-rotated.jpeg 480w, https:\/\/www.tierslivre.net\/ateliers\/wp-content\/uploads\/2026\/04\/IMG_5230-3-315x420.jpeg 315w\" sizes=\"auto, (max-width: 480px) 100vw, 480px\" \/><\/figure>\n\n\n\n<p>FLAUBERT \u0152uvres compl\u00e8tes Collection <em>L&rsquo;int\u00e9grale <\/em>des \u00e9ditions du Seuil 1964<br><\/p>\n\n\n\n<p>Ces deux livres jumeaux ont \u00e9t\u00e9 dans mes biblioth\u00e8ques successives depuis longtemps. Je peux indiquer avec certitude la date \u00e0 laquelle ils sont entr\u00e9s en ma possession&nbsp;: juin 1965. Ils m\u2019ont \u00e9t\u00e9 remis \u00e0 une distribution des prix \u00e0 l\u2019issue de ma classe de 1<sup>\u00e9re<\/sup>. C\u2019est indiscutable car coll\u00e9 sur la premi\u00e8re page, il y a un petit papier \u00ab&nbsp;Lyc\u00e9e Jules Ferry . Tananarive.&nbsp;\u00bb&nbsp; Sous cette mention, d\u2019une \u00e9criture manuscrite appliqu\u00e9e&nbsp;: Ann\u00e9e scolaire 1964-1965 et mon nom. Le lyc\u00e9e ne s\u2019\u00e9tait pas fichu de moi, il s\u2019agit des \u0153uvres compl\u00e8tes de Flaubert en deux volumes, \u00e9dit\u00e9es en 1964 aux \u00c9ditions du Seuil. La couverture des volumes est tendue d\u2019un tissu rouge vif. En lettres d\u2019or, centr\u00e9es dans la partie sup\u00e9rieure du livre&nbsp;: \u00ab&nbsp;Flaubert&nbsp;\u00bb et dessous \u00ab&nbsp;\u0153uvres compl\u00e8tes&nbsp;\u00bb. Encore dessous une \u00e9toile pour le tome 1, deux pour le tome 2. Sur la tranche, en long \u00ab&nbsp;Flaubert\u00bb, en bas une \u00e9toile pour le tome 1, deux pour le tome 2 et dessous le nom de la collection&nbsp;: \u00ab&nbsp;<em>L\u2019int\u00e9grale&nbsp;<\/em>\u00bb. Au dos, en bas, justifi\u00e9 \u00e0 droite \u00ab&nbsp;aux \u00e9ditions du Seuil&nbsp;\u00bb suivi de deux points. Toutes les \u00e9critures sont \u00e0 empattements droits (Georgia sur un clavier d\u2019ordinateur). C\u2019est tout. C\u2019est beau, c\u2019est noble et sobre, d\u2019un luxe discret adapt\u00e9 \u00e0 la grandeur de l\u2019\u00e9crivain. Bien qu\u2019\u00e2g\u00e9s de plus de six d\u00e9cennies, les livres sont parfaitement conserv\u00e9s, non pas faute d\u2019usage, mais parce que prot\u00e9g\u00e9s par des couvertures en plastique transparent, un peu craquel\u00e9es, elles aux coins. Premi\u00e8re page blanche, deuxi\u00e8me page FLAUBERT, troisi\u00e8me page, une reproduction du visage de l\u2019\u00e9crivain, jeune, imberbe et chevelu pour le tome 1, d\u2019\u00e2ge m\u00fbr, d\u00e9garni et moustachu pour le tome 2. Page suivante FLAUBERT, \u0152UVRES COMPL\u00c8TES, TOME UN&nbsp;ou TOME DEUX, PR\u00c9FACE DE, etc. Suivent les listes des \u0153uvres contenues dans chaque volume. En bas de la page AUX \u00c9DITIONS DU SEUIL et sur la derni\u00e8re ligne, 27, rue Jacob, Paris-VI<sup>e. <\/sup>Le tout centr\u00e9 et dans des corps diff\u00e9rents de la police. Sur la page de gauche. Copyright 1964, by <em>\u00c9ditions du Seuil<\/em><\/p>\n\n\n\n<p>Je m\u2019aper\u00e7ois que je n\u2019ai pas pr\u00e9cis\u00e9 leurs dimensions&nbsp;: 17 x 22 x 4. Ce sont donc des volumes qu\u2019on lit plus facilement sur une table que sur un fauteuil ou dans son lit. Ils sont trop lourds pour \u00eatre port\u00e9s \u00e0 bout de bras. Cette particularit\u00e9 explique en partie leur parfait \u00e9tat de conservation.<\/p>\n\n\n\n<p>Curieusement, le pr\u00e9nom Gustave n\u2019appara\u00eet nulle part, ni sur les couvertures, ni dans les corps des livres.<\/p>\n\n\n\n<p>Les textes sont imprim\u00e9s sur deux colonnes, dans la m\u00eame police que les mots des couvertures (Georgia), dans un corps petit, mais restant d\u2019une lecture ais\u00e9e. Le grammage du papier est plut\u00f4t fin sans \u00eatre bible. Sans doute blanc \u00e0 l\u2019origine, il a jauni au cours des ann\u00e9es. Chaque volume contient environ huit cents pages.<\/p>\n\n\n\n<p>Les parties les plus corn\u00e9es sont celles de <em>Madame Bovary<\/em> dans le volume 1 et de <em>Un c\u0153ur simple<\/em> dans le volume 2. Sans doute plus fr\u00e9quemment consult\u00e9s. Je n\u2019en suis pas surprise, tant j\u2019aime ce conte et ce roman.<\/p>\n\n\n\n<p>Entre les pages de <em>Bouvard et P\u00e9cuchet, <\/em>un marque-page en papier <em>antemoro, <\/em>garni d\u2019un d\u00e9cor floral. La fabrication de ce papier cartonneux et solide est une sp\u00e9cialit\u00e9 malgache. Sa p\u00e2te est faite \u00e0 partir d\u2019un arbuste end\u00e9mique de l\u2019\u00eele, l\u2019avoha. Les Malgaches y disposent souvent des p\u00e9tales de fleurs avant le s\u00e9chage au soleil. Ce marque-page dort dans le livre depuis soixante ans, lui aussi. Parfaitement conserv\u00e9, comme mon souvenir \u00e9mu de mon ann\u00e9e scolaire 1964 \u2013 1965, qui me fit d\u00e9couvrir, en m\u00eame temps que Madagascar, la plume merveilleuse de Flaubert;<\/p>\n","protected":false},"excerpt":{"rendered":"<p>FLAUBERT \u0152uvres compl\u00e8tes Collection L&rsquo;int\u00e9grale des \u00e9ditions du Seuil 1964 Ces deux livres jumeaux ont \u00e9t\u00e9 dans mes biblioth\u00e8ques successives depuis longtemps. Je peux indiquer avec certitude la date \u00e0 laquelle ils sont entr\u00e9s en ma possession&nbsp;: juin 1965. Ils m\u2019ont \u00e9t\u00e9 remis \u00e0 une distribution des prix \u00e0 l\u2019issue de ma classe de 1\u00e9re. C\u2019est indiscutable car coll\u00e9 sur <a class=\"more-link\" href=\"https:\/\/www.tierslivre.net\/ateliers\/le-livre-comme-fiction-01-mes-flaubert\/\">Continuer la lecture<span class=\"screen-reader-text\">#livre #01 | Mes Flaubert<\/span><span class=\"meta-nav\">&rarr;<\/span><\/a><\/p>\n","protected":false},"author":670,"featured_media":208496,"comment_status":"open","ping_status":"open","sticky":false,"template":"","format":"standard","meta":{"h5ap_radio_sources":[],"footnotes":""},"categories":[8022,1],"tags":[],"class_list":["post-208493","post","type-post","status-publish","format-standard","has-post-thumbnail","hentry","category-le-livre-comme-fiction-01-le-livre-comme-description","category-atelier"],"_links":{"self":[{"href":"https:\/\/www.tierslivre.net\/ateliers\/wp-json\/wp\/v2\/posts\/208493","targetHints":{"allow":["GET"]}}],"collection":[{"href":"https:\/\/www.tierslivre.net\/ateliers\/wp-json\/wp\/v2\/posts"}],"about":[{"href":"https:\/\/www.tierslivre.net\/ateliers\/wp-json\/wp\/v2\/types\/post"}],"author":[{"embeddable":true,"href":"https:\/\/www.tierslivre.net\/ateliers\/wp-json\/wp\/v2\/users\/670"}],"replies":[{"embeddable":true,"href":"https:\/\/www.tierslivre.net\/ateliers\/wp-json\/wp\/v2\/comments?post=208493"}],"version-history":[{"count":2,"href":"https:\/\/www.tierslivre.net\/ateliers\/wp-json\/wp\/v2\/posts\/208493\/revisions"}],"predecessor-version":[{"id":208507,"href":"https:\/\/www.tierslivre.net\/ateliers\/wp-json\/wp\/v2\/posts\/208493\/revisions\/208507"}],"wp:featuredmedia":[{"embeddable":true,"href":"https:\/\/www.tierslivre.net\/ateliers\/wp-json\/wp\/v2\/media\/208496"}],"wp:attachment":[{"href":"https:\/\/www.tierslivre.net\/ateliers\/wp-json\/wp\/v2\/media?parent=208493"}],"wp:term":[{"taxonomy":"category","embeddable":true,"href":"https:\/\/www.tierslivre.net\/ateliers\/wp-json\/wp\/v2\/categories?post=208493"},{"taxonomy":"post_tag","embeddable":true,"href":"https:\/\/www.tierslivre.net\/ateliers\/wp-json\/wp\/v2\/tags?post=208493"}],"curies":[{"name":"wp","href":"https:\/\/api.w.org\/{rel}","templated":true}]}}