{"id":208501,"date":"2026-04-30T17:13:31","date_gmt":"2026-04-30T15:13:31","guid":{"rendered":"https:\/\/www.tierslivre.net\/ateliers\/?p=208501"},"modified":"2026-04-30T18:53:57","modified_gmt":"2026-04-30T16:53:57","slug":"le-livre-comme-fiction-01-un-vieux-compagnon","status":"publish","type":"post","link":"https:\/\/www.tierslivre.net\/ateliers\/le-livre-comme-fiction-01-un-vieux-compagnon\/","title":{"rendered":"#livre #01 | un vieux compagnon"},"content":{"rendered":"\n<p>Les trois volumes de la pl\u00e9iade refugi\u00e9s l\u2019un contre l\u2019autre \u00e0 la lettre P. \u00c9dition 1954, selon toute vraisemblance, ont appartenu \u00e0 mon grand-p\u00e8re, ou \u00e0 ma grand-m\u00e8re, bien que mon grand-p\u00e8re ait \u00e9t\u00e9 un lecteur plus fin que ma grand-m\u00e8re,\u00a0\u00a0et \u00e0 moins que mon p\u00e8re son fils, mais pas le seul, (\u00e0 cause d&rsquo;une demi-s\u0153ur issue du mariage de son p\u00e8re avec la s\u0153ur de sa m\u00e8re, j\u2019aime ce d\u00e9tail un brin \u2019yau de po\u00eale) et que ladite demi-s\u0153ur F coll\u00e9e au cours D\u00e9sir (comme Simone de B s\u2019enorgueillissait-elle) ayant fini fille de salle comme on disait \u00e0 l\u2019\u00e9poque et que donc je suppose (peut-\u00eatre \u00e0 tort) peu\u00a0\u00a0lectrice, de surcro\u00eet tr\u00e8s f\u00e2ch\u00e9e avec sa m\u00e8re, et ce livre mon p\u00e8re l\u2019avait avant le d\u00e9c\u00e8s de sa tante-belle-m\u00e8re avec laquelle il n\u2019\u00e9tait bizarrement pas f\u00e2ch\u00e9, bref, je penche du c\u00f4t\u00e9 de mon grand-p\u00e8re que je n\u2019ai pas connu pour la possession de ces\u00a0\u00a0trois volumes qui ne sont pas arriv\u00e9s par eux-m\u00eames dans la biblioth\u00e8que de mon p\u00e8re. Quoiqu\u2019il en soit, mon p\u00e8re m\u2019a pr\u00e9venue. C\u2019\u00e9tait au programme de mon DEUG ou de licence je ne sais plus trop, et comme dans la mesure du possible et de n\u00e9cessaires \u00e9conomies, j\u2019allais piquer, dans l\u2019\u00e9norme biblioth\u00e8que o\u00f9 s\u2019engloutissait une bonne part de son salaire, les ouvrages \u00e0 lire, (c\u2019\u00e9tait son tribut \u00e0 ma vie estudiantine que par ailleurs je finan\u00e7ais moi-m\u00eame), il m\u2019a bien pr\u00e9venu \u00ab\u00a0ma pauvre petite, tu vas bien t\u2019emmerder\u2026\u00a0\u00bb et c\u2019est donc avec une certaine crainte que j\u2019ai commenc\u00e9 la lecture de la Recherche du Temps Perdu dont le myst\u00e9rieux titre me semblait abstrait et alors que\u00a0\u00a0je m\u2019attendais au pire, ces trois tomes m\u2019ont plong\u00e9e dans une joie inattendue. Ils \u00e9taient en excellet \u00e9tat alors, peut-\u00eatre jamais lus.\u00a0\u00a0Je les ai toujours, ils ont comme moi bien vieilli. La couverture tend \u00e0 se d\u00e9tacher surtout sur les deux premiers volumes qui ont d\u00fb se rendre plus souvent \u00e0 la fac, j\u2019ai perdu leur bo\u00eete en carton et ai recouvert \u00e0 mi-vie les 1 et 3 d\u2019une feuille A4 avec \u00ab\u00a0Proust\u00a0\u00bb\u00e9crit \u00e0 l\u2019envers sur la tranche, ils auraient bien besoin d\u2019\u00eatre de nouveau recouverts, surtout le tome 1 franchement crassouille, le tome 3 se tient mieux, je l&rsquo;ai \u00e0 mon grand regret lu moins de fois, parce que je veux toujours recommencer par la sc\u00e8ne du coucher&#8230; Sous la feuille A4, les volumes arborent une autre couverture en plastique transparent suppos\u00e9e remplacer la couverture en rhodo\u00efd d\u2019origine qui s\u2019\u00e9tait fendill\u00e9e et craquel\u00e9e dans tous les sens. En revanche, la couverture papier de l\u2019\u00e9diteur que prot\u00e9geait le rhodo\u00efd a \u00e9t\u00e9 sauv\u00e9e par toutes ces protections. Le probl\u00e8me c\u2019est que seul le tome II a encore \u00e0 d\u00e9couvert le feuillet imprim\u00e9 de pr\u00e9sentation avec le portrait de Marcel Proust par \u00c9mile Blanche, trait\u00e9 en noir et blanc o\u00f9 il a vraiment l\u2019air d\u2019un petit snobinard maladif, les deux autres tomes sont sous papier blanc crasseux\u00a0: le tome 3 est cens\u00e9 s\u2019orner de la photo o\u00f9 il penche la t\u00eate appuy\u00e9e sur un doigt de la main droite d\u2019o\u00f9 il vous contemple d\u2019un doux regard l\u00e9g\u00e8rement ironique, le\u00a0\u00a0portait du tome 1 de m\u00e9moire le montre plus jeune, la chevelure plus abondante la moustache coup\u00e9 \u00e0 l\u2019aplomb du coin de ses l\u00e8vres, l\u2019ovale blanc et les yeux enfonc\u00e9s au-dessus d\u2019une opulente lavalli\u00e8re, je les ai beaucoup compar\u00e9es les unes aux autres autrefois, m\u2019interrogeant sur la r\u00e9elle beaut\u00e9 du jeune homme et la profondeur redoutable de son regard. La derni\u00e8re couche est invisible, mais elle en peau probablement de couleur havane avec fen\u00eatre pour le titre verte comme tous les Pl\u00e9iades XXe si\u00e8cle. Ouvrir ces livres est risqu\u00e9, ils tiennent par habitude et les feuillets ont propension \u00e0 quitter la couverture, le tome 2 ne tient \u00e0 la reliure que par la derni\u00e8re page, le premier cahier du tome 1 a tendance \u00e0 se faire la malle, la couture distendue bien visible, les pages en papier \u00e9pais dont je ne connais pas le nom sont macul\u00e9s de traces de scotch jaunies \u00e0 des endroits qui ne font pas sens, la colle du scotch qui maintient ma couverture en feuillet A 4 a bav\u00e9, c\u2019est du propre. La page de garde du tome 1 porte au crayon la mention Madeleine p.45, souvenir d\u2019\u00e9tude\u2026. Et un post-it en forme de signet vert p\u00e2le avec la mention Balbec, souvenir de quoi\u00a0? ces livres, je les ai lus plusieurs fois, ils m\u2019ont d\u00e9finitivement r\u00e9concili\u00e9e avec la litt\u00e9rature que je n\u2019aimais pas tant, avec la vie m\u00eame que je n\u2019aimais pas tant, je les ai lus seule et \u00e0 deux dans le lit conjugal, il est bon de rire \u00e0 deux des croissants de la m\u00e8re Verdurin quand on se sent blous\u00e9s par l\u2019existence. Ils sont mes seuls compagnons \u00e0 jamais fid\u00e8les\u2026 le premier, 101 e volume a \u00e9t\u00e9 achev\u00e9 d\u2019imprimer le 30 janvier 1954, le 30 juin 1954 pour le centi\u00e8me Tome II, le 22 octobre de la m\u00eame ann\u00e9e pour le 102<sup>\u00a0<\/sup>e tome 3, tous \u00e0 l\u2019imprimerie Sainte-Catherine \u00e0 Bruges. Donc neuf mois de gestation au moment m\u00eame o\u00f9 je l\u2019\u00e9tais moi-m\u00eame dans le ventre de ma m\u00e8re, mais n\u2019en tirons pas de conclusion. Et faisant ce constat, je me demande \u00e0 quel genre de lifting je pourrais soumettre ces trois tomes\u00a0? Je vais de ce pas les recouvrir \u2026 La prochaine fois, je le lirai sur ma liseuse, que cesse leur supplice.<\/p>\n\n\n\n<p><em>tout savoir sur la fabrication de la Pl\u00e9iade: <\/em><a href=\"https:\/\/www.la-pleiade.fr\/la-vie-de-la-pleiade\/fabrication-d-une-pleiade?TSPD_101_R0=08bd3ff4dbab200063824ca69f95dff19b0d1343f2edd3f1a851e93d9a428e4309e97c01d7b9ed1908948b62371430009536aaf5348b19d9ebe6384327aa6018e8157783dace7effc7034a3b0d2a5f959a9870f5a8cd165f03d5fec874302b4d\">https:\/\/www.la-pleiade.fr\/la-vie-de-la-pleiade\/fabrication-d-une-pleiade?TSPD_101_R0=08bd3ff4dbab200063824ca69f95dff19b0d1343f2edd3f1a851e93d9a428e4309e97c01d7b9ed1908948b62371430009536aaf5348b19d9ebe6384327aa6018e8157783dace7effc7034a3b0d2a5f959a9870f5a8cd165f03d5fec874302b4d<\/a><\/p>\n\n\n\n<p><\/p>\n","protected":false},"excerpt":{"rendered":"<p>Les trois volumes de la pl\u00e9iade refugi\u00e9s l\u2019un contre l\u2019autre \u00e0 la lettre P. \u00c9dition 1954, selon toute vraisemblance, ont appartenu \u00e0 mon grand-p\u00e8re, ou \u00e0 ma grand-m\u00e8re, bien que mon grand-p\u00e8re ait \u00e9t\u00e9 un lecteur plus fin que ma grand-m\u00e8re,\u00a0\u00a0et \u00e0 moins que mon p\u00e8re son fils, mais pas le seul, (\u00e0 cause d&rsquo;une demi-s\u0153ur issue du mariage de <a class=\"more-link\" href=\"https:\/\/www.tierslivre.net\/ateliers\/le-livre-comme-fiction-01-un-vieux-compagnon\/\">Continuer la lecture<span class=\"screen-reader-text\">#livre #01 | un vieux compagnon<\/span><span class=\"meta-nav\">&rarr;<\/span><\/a><\/p>\n","protected":false},"author":106,"featured_media":0,"comment_status":"open","ping_status":"open","sticky":false,"template":"","format":"standard","meta":{"h5ap_radio_sources":[],"footnotes":""},"categories":[8020,8022],"tags":[],"class_list":["post-208501","post","type-post","status-publish","format-standard","hentry","category-le-livre-comme-fiction","category-le-livre-comme-fiction-01-le-livre-comme-description"],"_links":{"self":[{"href":"https:\/\/www.tierslivre.net\/ateliers\/wp-json\/wp\/v2\/posts\/208501","targetHints":{"allow":["GET"]}}],"collection":[{"href":"https:\/\/www.tierslivre.net\/ateliers\/wp-json\/wp\/v2\/posts"}],"about":[{"href":"https:\/\/www.tierslivre.net\/ateliers\/wp-json\/wp\/v2\/types\/post"}],"author":[{"embeddable":true,"href":"https:\/\/www.tierslivre.net\/ateliers\/wp-json\/wp\/v2\/users\/106"}],"replies":[{"embeddable":true,"href":"https:\/\/www.tierslivre.net\/ateliers\/wp-json\/wp\/v2\/comments?post=208501"}],"version-history":[{"count":4,"href":"https:\/\/www.tierslivre.net\/ateliers\/wp-json\/wp\/v2\/posts\/208501\/revisions"}],"predecessor-version":[{"id":208506,"href":"https:\/\/www.tierslivre.net\/ateliers\/wp-json\/wp\/v2\/posts\/208501\/revisions\/208506"}],"wp:attachment":[{"href":"https:\/\/www.tierslivre.net\/ateliers\/wp-json\/wp\/v2\/media?parent=208501"}],"wp:term":[{"taxonomy":"category","embeddable":true,"href":"https:\/\/www.tierslivre.net\/ateliers\/wp-json\/wp\/v2\/categories?post=208501"},{"taxonomy":"post_tag","embeddable":true,"href":"https:\/\/www.tierslivre.net\/ateliers\/wp-json\/wp\/v2\/tags?post=208501"}],"curies":[{"name":"wp","href":"https:\/\/api.w.org\/{rel}","templated":true}]}}