{"id":208528,"date":"2026-05-01T09:21:07","date_gmt":"2026-05-01T07:21:07","guid":{"rendered":"https:\/\/www.tierslivre.net\/ateliers\/?p=208528"},"modified":"2026-05-01T10:27:28","modified_gmt":"2026-05-01T08:27:28","slug":"le-livre-comme-fiction-1bis-michel-jullien-2-le-livre-comme-gestuelle","status":"publish","type":"post","link":"https:\/\/www.tierslivre.net\/ateliers\/le-livre-comme-fiction-1bis-michel-jullien-2-le-livre-comme-gestuelle\/","title":{"rendered":"le livre comme fiction #1bis | Michel Jullien, 2, le livre comme gestuelle"},"content":{"rendered":"\n<figure class=\"wp-block-embed is-type-video is-provider-youtube wp-block-embed-youtube wp-embed-aspect-16-9 wp-has-aspect-ratio\"><div class=\"wp-block-embed__wrapper\">\n<iframe loading=\"lazy\" title=\"le livre comme fiction #1bis  |\u00a0Michel Jullien, 2, le livre comme gestuelle\" width=\"800\" height=\"450\" src=\"https:\/\/www.youtube.com\/embed\/Hgz0OMvgm9E\" frameborder=\"0\" allow=\"accelerometer; autoplay; clipboard-write; encrypted-media; gyroscope; picture-in-picture; web-share\" referrerpolicy=\"strict-origin-when-cross-origin\" allowfullscreen><\/iframe>\n<\/div><\/figure>\n\n\n\n<p>\u2022&nbsp;<a href=\"https:\/\/www.tierslivre.net\/ateliers\/en-cours-le-livre-comme-fiction\/le-livre-comme-fiction-1-le-sommaire\/\">sommaire g\u00e9n\u00e9ral des huit propositions<\/a>&nbsp;et&nbsp;<a href=\"https:\/\/www.tierslivre.net\/ateliers\/en-cours-le-livre-comme-fiction\/le-livre-comme-fiction-2-les-participant%c2%b7e%c2%b7s-au-cycle\/\">index des contributrices\u00b7contributeurs<\/a>;<br>\u2022 sur le Patreon:&nbsp;<a href=\"https:\/\/www.patreon.com\/posts\/156566520?collection=1298595\">t\u00e9l\u00e9chargement des textes d\u2019appui<\/a>&nbsp;et recevoir la lettre de coordination e-mail;<\/p>\n\n\n\n<p><strong>#01 bis | Michel Jullien, 2, le livre comme gestuelle<\/strong><\/p>\n\n\n\n<p>Vous trouverez dans les doc joints un deuxi\u00e8me extrait du livre de Michel Jullien, <em>Le format du livre<\/em>. Il fait suite au passage sur lequel nous nous sommes appuy\u00e9s pour l&rsquo;ouverture de ce cycle, <em>Le livre comme description<\/em>.<\/p>\n\n\n\n<p>Dans ce passage, Michel Jullien ferme encore la focale, mais s&rsquo;inclut lui-m\u00eame dans la description : le livre, comment on l&rsquo;ouvre, comment on le tient, comment on le feuillette.<\/p>\n\n\n\n<p>Quelles positions du corps, \u00e0 quelle distance le livre, mais d&rsquo;abord comment place-t-on le pouce et les doigts, comment agissent les mains selon la position, la lampe, l&rsquo;\u00e9paisseur.<\/p>\n\n\n\n<p>\u00c0 titre exceptionnel, la vid\u00e9o ci-dessus est la partie pr\u00e9sentation de notre atelier en direct du mardi, via l&rsquo;enregistrement Zoom (d&rsquo;o\u00f9 la r\u00e9solution plus basse), et pr\u00e9sent\u00e9e sans coupe ni montage. <\/p>\n\n\n\n<p>Ci-dessous, les contributions des participant\u00b7e\u00b7s \u00e0 cette session (la 27\u00e8me de notre 3\u00e8me saison !), telles que collect\u00e9es en fin de s\u00e9ance. Et bien s\u00fbr \u00e0 vous de vous joindre \u00e0 cette #1bis, en attendant la 2\u00e8me proposition !<\/p>\n\n\n\n<div data-wp-interactive=\"core\/file\" class=\"wp-block-file\"><object data-wp-bind--hidden=\"!state.hasPdfPreview\" hidden class=\"wp-block-file__embed\" data=\"https:\/\/www.tierslivre.net\/ateliers\/wp-content\/uploads\/2026\/05\/mardis_saison_3_27_Jullien_postures-1.pdf\" type=\"application\/pdf\" style=\"width:100%;height:600px\" aria-label=\"Contenu embarqu\u00e9 mardis_saison_3_27_Jullien_postures.\"><\/object><a id=\"wp-block-file--media-48d2a218-561f-45c4-9cd1-4cc29755f629\" href=\"https:\/\/www.tierslivre.net\/ateliers\/wp-content\/uploads\/2026\/05\/mardis_saison_3_27_Jullien_postures-1.pdf\">mardis_saison_3_27_Jullien_postures<\/a><a href=\"https:\/\/www.tierslivre.net\/ateliers\/wp-content\/uploads\/2026\/05\/mardis_saison_3_27_Jullien_postures-1.pdf\" class=\"wp-block-file__button wp-element-button\" download aria-describedby=\"wp-block-file--media-48d2a218-561f-45c4-9cd1-4cc29755f629\">T\u00e9l\u00e9charger<\/a><\/div>\n","protected":false},"excerpt":{"rendered":"<p>\u2022&nbsp;sommaire g\u00e9n\u00e9ral des huit propositions&nbsp;et&nbsp;index des contributrices\u00b7contributeurs;\u2022 sur le Patreon:&nbsp;t\u00e9l\u00e9chargement des textes d\u2019appui&nbsp;et recevoir la lettre de coordination e-mail; #01 bis | Michel Jullien, 2, le livre comme gestuelle Vous trouverez dans les doc joints un deuxi\u00e8me extrait du livre de Michel Jullien, Le format du livre. Il fait suite au passage sur lequel nous nous sommes appuy\u00e9s pour l&rsquo;ouverture <a class=\"more-link\" href=\"https:\/\/www.tierslivre.net\/ateliers\/le-livre-comme-fiction-1bis-michel-jullien-2-le-livre-comme-gestuelle\/\">Continuer la lecture<span class=\"screen-reader-text\">le livre comme fiction #1bis | Michel Jullien, 2, le livre comme gestuelle<\/span><span class=\"meta-nav\">&rarr;<\/span><\/a><\/p>\n","protected":false},"author":1,"featured_media":208529,"comment_status":"open","ping_status":"open","sticky":true,"template":"","format":"standard","meta":{"h5ap_radio_sources":[],"footnotes":""},"categories":[8020,8027,8021],"tags":[],"class_list":["post-208528","post","type-post","status-publish","format-standard","has-post-thumbnail","hentry","category-le-livre-comme-fiction","category-le-livre-comme-fiction-01bis-le-livre-comme-gestuelle","category-le-livre-comme-fiction-ensemble-des-propositions"],"_links":{"self":[{"href":"https:\/\/www.tierslivre.net\/ateliers\/wp-json\/wp\/v2\/posts\/208528","targetHints":{"allow":["GET"]}}],"collection":[{"href":"https:\/\/www.tierslivre.net\/ateliers\/wp-json\/wp\/v2\/posts"}],"about":[{"href":"https:\/\/www.tierslivre.net\/ateliers\/wp-json\/wp\/v2\/types\/post"}],"author":[{"embeddable":true,"href":"https:\/\/www.tierslivre.net\/ateliers\/wp-json\/wp\/v2\/users\/1"}],"replies":[{"embeddable":true,"href":"https:\/\/www.tierslivre.net\/ateliers\/wp-json\/wp\/v2\/comments?post=208528"}],"version-history":[{"count":2,"href":"https:\/\/www.tierslivre.net\/ateliers\/wp-json\/wp\/v2\/posts\/208528\/revisions"}],"predecessor-version":[{"id":208533,"href":"https:\/\/www.tierslivre.net\/ateliers\/wp-json\/wp\/v2\/posts\/208528\/revisions\/208533"}],"wp:featuredmedia":[{"embeddable":true,"href":"https:\/\/www.tierslivre.net\/ateliers\/wp-json\/wp\/v2\/media\/208529"}],"wp:attachment":[{"href":"https:\/\/www.tierslivre.net\/ateliers\/wp-json\/wp\/v2\/media?parent=208528"}],"wp:term":[{"taxonomy":"category","embeddable":true,"href":"https:\/\/www.tierslivre.net\/ateliers\/wp-json\/wp\/v2\/categories?post=208528"},{"taxonomy":"post_tag","embeddable":true,"href":"https:\/\/www.tierslivre.net\/ateliers\/wp-json\/wp\/v2\/tags?post=208528"}],"curies":[{"name":"wp","href":"https:\/\/api.w.org\/{rel}","templated":true}]}}