{"id":208562,"date":"2026-05-01T16:45:06","date_gmt":"2026-05-01T14:45:06","guid":{"rendered":"https:\/\/www.tierslivre.net\/ateliers\/?p=208562"},"modified":"2026-05-01T16:45:06","modified_gmt":"2026-05-01T14:45:06","slug":"dernier-volume-01","status":"publish","type":"post","link":"https:\/\/www.tierslivre.net\/ateliers\/dernier-volume-01\/","title":{"rendered":"# Dernier volume #01"},"content":{"rendered":"\n<p>Il est le dernier d\u2019une s\u00e9rie de huit. Mon pr\u00e9f\u00e9r\u00e9 avec le sixi\u00e8me et je me demande pourquoi j\u2019ai relu tous les autres. Je ne me demande pas, je sais\u00a0: j\u2019ai relu tous les autres par n\u00e9cessit\u00e9 de tout saisir. Alors que je n\u2019avais rien oubli\u00e9 des personnages ni des passages qui m\u2019ennuyaient et comme si je pouvais tout saisir.<br>Faute d\u2019avoir eu une vie o\u00f9 l\u2019on trimballe ses premiers livres, (l\u2019id\u00e9e de maison de famille avec grenier contenant les tr\u00e9sors des g\u00e9n\u00e9rations pr\u00e9c\u00e9dentes m\u2019a toujours fascin\u00e9e, j\u2019ai donc achet\u00e9 une maison avec grenier pour construire ce r\u00eave d\u2019ancrage, ce r\u00eave de la vie des autres, mais pas pu faire les nombreux enfants dont au moins un garderait par attachement ce grenier o\u00f9 se stockent les m\u00e9moires, pas pu contrer l\u2019habitude d\u2019une vie disloqu\u00e9e, la maison fut revendue par n\u00e9cessit\u00e9, on ne cr\u00e9e pas une dynastie par l\u2019unique force du d\u00e9sir) je n\u2019ai rien gard\u00e9 des livres d\u2019un d\u00e9but. Ce livre est pourtant un commencement, d&rsquo;ailleurs c&rsquo;est ce qu&rsquo;il raconte.<\/p>\n\n\n\n<p>De quand date cette s\u00e9rie proustienne\u00a0? <em>Impression Bussi\u00e8re \u00e0 Saint-Amand (Cher), le 10 juillet 1987, 1<sup>er<\/sup> d\u00e9p\u00f4t l\u00e9gal dans la collection\u00a0: juillet 1972, <\/em>lit-on sur l\u2019avant-derni\u00e8re page. 1987 correspondrait \u00e0 la date o\u00f9 des amis terminaient leurs \u00e9tudes, o\u00f9 les livres fondamentaux se recommandaient, o\u00f9 je construisais le lien avec des futurs essentiels bien qu\u2019\u00e9gar\u00e9e dans un trou normand, un creux de collines nomm\u00e9 <em>Crasse<\/em> tant il y avait de brouillard, dans un milieu social stup\u00e9fiant dans il faudrait \u00e9merger pour reprendre pied. C\u2019est donc vers cette \u00e9poque que je l\u2019ai lu pour la premi\u00e8re fois.<\/p>\n\n\n\n<p>Ce livre de poche collection folio n\u2019\u00e9tait pas encore jaune, les pages peut-\u00eatre moins r\u00eaches, car il y ce toucher sec l\u00e9g\u00e8rement d\u00e9sagr\u00e9able, la couverture non corn\u00e9e (pourquoi-comment corne-t-on une couverture\u00a0?), je n\u2019avais pas \u00e9crit mon pr\u00e9nom au crayon gris sur la premi\u00e8re page, preuve que personne ne me l\u2019a jamais emprunt\u00e9. En l\u2019ouvrant pour la troisi\u00e8me fois, j\u2019y retrouve la typographie minuscule et serr\u00e9e, nous avions le temps de lire et lire en si petit 442 pages ne nous semblait pas une performance, m\u00eame si certains des volumes pr\u00e9c\u00e9dents l\u2019\u00e9taient par leur longueur et leur contenu. De nombreuses pages sont corn\u00e9es, \u00e0 chaque lecture des cornes nouvelles, de nombreux paragraphes ont leurs lignes reli\u00e9es par un trait de crayon, les traits de crayon de plus en plus fr\u00e9quents vers la fin, cette fin du livre mais aussi des huit volumes, t\u00e9moignant soudain d\u2019une n\u00e9cessit\u00e9 de saisir alors qu\u2019on s\u2019est quasiment laisser aller durant les quelques milliers de pages pr\u00e9c\u00e9dentes. Souvent un mot dans la marge r\u00e9sume la page afin de retrouver facilement ces phrases mordantes, po\u00e9tiques, philosophiques mais aussi en avance sur leur temps ou paradoxalement d\u2019un autre temps-autre m\u0153urs, dans ce cas un immense point d\u2019exclamation (avec l\u2019id\u00e9e que si une autre g\u00e9n\u00e9ration lisait mon livre, toujours le fantasme des cartons de famille \u00e0 d\u00e9faut du grenier, elle ne s\u2019imagine pas que j\u2019aie lu au XXIe sans sourciller certaines phrases sur la femme ou les domestiques ou les tr\u00e8s jeunes filles) ( comme quoi laisser ses traces, \u00e7a nous tient parfois davantage qu\u2019on ne croit). J\u2019y lis en remontant vers le d\u00e9but du livre\u00a0: <em>souffrance + art, vieillesse ++ p. 288 \u00e0 237 <\/em>(succulent \u00e0 lire \u00e0 trente ans, d\u00e9licieux \u00e0 cinquante ans, redoutable et cinglant \u00e0 soixante ans),<em>divinit\u00e9, \u00e9crivain, lecteur, corps, \u0153uvre en soi, mental\/r\u00e9el, \u00e9criture\/lumi\u00e8re\/souvenir, doute sur l\u2019\u00e9criture, lois psychologiques\/sujet de l\u2019\u0153uvre. <\/em>Dans ce livre deux morceaux de papier blanc r\u00e9cent, l\u2019un comportant des th\u00e8mes et des num\u00e9ros de pages destin\u00e9s \u00e0 \u00eatre lus en atelier d\u2019\u00e9criture, l\u2019autre portant cette inscription\u00a0: <em>retrouver et recopier le passage \u00ab\u00a0Certes quand je me r\u00e9p\u00e9tais donnant ainsi tant de valeur&#8230;agitation\u00a0\u00bb. \u00a0<\/em><\/p>\n\n\n\n<p>Eh bien \u00e0 la troisi\u00e8me lecture c\u2019est loup\u00e9, prise par les mots \u00e9crits si petits et lus avec des lunettes qui font le flou au d\u00e9but et \u00e0 la fin des lignes, lus sur un lit tourn\u00e9e c\u00f4t\u00e9 gauche \u00e0 cause d\u2019une longue p\u00e9riode de convalescence, prise par le roman et la po\u00e9sie de certaines phrases, j\u2019ai oubli\u00e9 de retrouver le passage.<\/p>\n\n\n\n<p>Si vous avez le temps de le retrouver&#8230;<\/p>\n\n\n\n<p><\/p>\n","protected":false},"excerpt":{"rendered":"<p>Il est le dernier d\u2019une s\u00e9rie de huit. Mon pr\u00e9f\u00e9r\u00e9 avec le sixi\u00e8me et je me demande pourquoi j\u2019ai relu tous les autres. Je ne me demande pas, je sais\u00a0: j\u2019ai relu tous les autres par n\u00e9cessit\u00e9 de tout saisir. Alors que je n\u2019avais rien oubli\u00e9 des personnages ni des passages qui m\u2019ennuyaient et comme si je pouvais tout saisir.Faute <a class=\"more-link\" href=\"https:\/\/www.tierslivre.net\/ateliers\/dernier-volume-01\/\">Continuer la lecture<span class=\"screen-reader-text\"># Dernier volume #01<\/span><span class=\"meta-nav\">&rarr;<\/span><\/a><\/p>\n","protected":false},"author":209,"featured_media":0,"comment_status":"open","ping_status":"open","sticky":false,"template":"","format":"standard","meta":{"h5ap_radio_sources":[],"footnotes":""},"categories":[8020,8022],"tags":[3721],"class_list":["post-208562","post","type-post","status-publish","format-standard","hentry","category-le-livre-comme-fiction","category-le-livre-comme-fiction-01-le-livre-comme-description","tag-recherche"],"_links":{"self":[{"href":"https:\/\/www.tierslivre.net\/ateliers\/wp-json\/wp\/v2\/posts\/208562","targetHints":{"allow":["GET"]}}],"collection":[{"href":"https:\/\/www.tierslivre.net\/ateliers\/wp-json\/wp\/v2\/posts"}],"about":[{"href":"https:\/\/www.tierslivre.net\/ateliers\/wp-json\/wp\/v2\/types\/post"}],"author":[{"embeddable":true,"href":"https:\/\/www.tierslivre.net\/ateliers\/wp-json\/wp\/v2\/users\/209"}],"replies":[{"embeddable":true,"href":"https:\/\/www.tierslivre.net\/ateliers\/wp-json\/wp\/v2\/comments?post=208562"}],"version-history":[{"count":1,"href":"https:\/\/www.tierslivre.net\/ateliers\/wp-json\/wp\/v2\/posts\/208562\/revisions"}],"predecessor-version":[{"id":208563,"href":"https:\/\/www.tierslivre.net\/ateliers\/wp-json\/wp\/v2\/posts\/208562\/revisions\/208563"}],"wp:attachment":[{"href":"https:\/\/www.tierslivre.net\/ateliers\/wp-json\/wp\/v2\/media?parent=208562"}],"wp:term":[{"taxonomy":"category","embeddable":true,"href":"https:\/\/www.tierslivre.net\/ateliers\/wp-json\/wp\/v2\/categories?post=208562"},{"taxonomy":"post_tag","embeddable":true,"href":"https:\/\/www.tierslivre.net\/ateliers\/wp-json\/wp\/v2\/tags?post=208562"}],"curies":[{"name":"wp","href":"https:\/\/api.w.org\/{rel}","templated":true}]}}