{"id":208672,"date":"2026-05-02T09:12:53","date_gmt":"2026-05-02T07:12:53","guid":{"rendered":"https:\/\/www.tierslivre.net\/ateliers\/?p=208672"},"modified":"2026-05-02T09:14:49","modified_gmt":"2026-05-02T07:14:49","slug":"la-chose-tentative-de-description","status":"publish","type":"post","link":"https:\/\/www.tierslivre.net\/ateliers\/la-chose-tentative-de-description\/","title":{"rendered":"#Le livre comme fiction #01 | La \u00ab\u00a0chose\u00a0\u00bb, tentative de description\u00a0"},"content":{"rendered":"\n<p class=\"has-text-align-right\"><em>\u00ab\u00a0La \u00ab chose livre \u00bb est faite d\u2019un dehors\u00a0<\/em><br><em>et d\u2019un dedans qui n\u2019a rien d\u2019une bo\u00eete vide.\u00a0\u00bb<\/em><br><em>Michel Jullien, Le format d\u2019un livre, Verdier 2026.<\/em><\/p>\n\n\n\n<p><strong>1 &#8211; La \u00ab\u00a0chose\u00a0\u00bb.<\/strong>\u00a0<br><strong>1a.<\/strong> Son format (11 x 16,5) n\u2019est pas celui du standard des livres de poche qui, comme chacun sait, est de 11 x 18.\u00a0 \u00a0<br><strong>1b.<\/strong> Son \u00e9paisseur : 2,2 centim\u00e8tres.<br><strong>1c.<\/strong> La tranche, sur trois c\u00f4t\u00e9s, est color\u00e9e d\u2019une teinte orang\u00e9e que le temps a fan\u00e9e.<br><strong>1d.<\/strong> Angles : 8.<br><strong>1e.<\/strong> Ar\u00eates : 10.<br><strong>1f.<\/strong> Les pages sont num\u00e9rot\u00e9es de 6 \u00e0 400 mais il ne faut pas se fier \u00e0 ce chiffrage si l\u2019on veut conna\u00eetre le nombre exact de pages qu\u2019il contient. Les num\u00e9rotations des pages de livres ob\u00e9issent \u00e0 des r\u00e8gles dont je ne per\u00e7ois pas toutes les subtilit\u00e9s. Celle-ci fait d\u2019autant moins exception qu\u2019elle semble prendre un malin plaisir \u00e0 ajouter de la complexit\u00e9 \u00e0 la complexit\u00e9 dans la mesure o\u00f9 : la pr\u00e9face qui d\u00e9bute \u00e0 la page 7 non num\u00e9rot\u00e9e l\u2019est \u00e0 partir de la suivante, en chiffres romains, de VIII \u00e0 XLIII, soit cinquante-huit pages en comptant les six qui la pr\u00e9c\u00e8dent, \u00e0 savoir deux blanches, puis une mentionnant le titre de l\u2019\u0153uvre, la suivante la liste des \u0153uvres du m\u00eame auteur publi\u00e9es dans la m\u00eame collection, la page de titre suivie de celle o\u00f9 est indiqu\u00e9 le copyright. Lorsque la num\u00e9rotation cesse \u00e0 la page 400, suivent encore deux pages recensant les ouvrages des auteurs du XIX<sup>e<\/sup> si\u00e8cle et les classiques \u00e9trangers publi\u00e9s chez l\u2019\u00e9diteur, une page de publicit\u00e9 de l\u2019\u00e9diteur lui-m\u00eame pour sa s\u00e9rie classique et enfin, la toute derni\u00e8re mentionnant des renseignements techniques sur l\u2019impression de l\u2019ouvrage. En tout, la \u00ab\u00a0chose\u00a0\u00bb compte 458 pages.<\/p>\n\n\n\n<p><strong>2 &#8211; Le dehors de la \u00ab\u00a0chose\u00a0\u00bb.<\/strong><br><strong>2a.<\/strong> <strong>La couverture<\/strong> est divis\u00e9e graphiquement en deux parties \u00e9gales.\u00a0<br><strong>2aa.<\/strong> Le haut de page mentionne le nom de l\u2019auteur (sans pr\u00e9nom). Il est soulign\u00e9 d\u2019un premier trait de couleur orange d\u2019une \u00e9paisseur de 0,7 centim\u00e8tres, lui-m\u00eame soulign\u00e9 d\u2019un second trait de couleur rose d\u2019une \u00e9paisseur de 0,2 centim\u00e8tres. Suit, dans la m\u00eame typographie que le nom de son auteur, le titre de l\u2019\u0153uvre, quatre mots centr\u00e9s sur deux lignes, deux mots par ligne.<br><strong>2ab. <\/strong>Le bas de page est occup\u00e9 par un motif v\u00e9g\u00e9tal repr\u00e9sentant les branches d\u2019un arbre en courbes stylis\u00e9es et leurs feuilles que l\u2019on imagine berc\u00e9es par une brise, comme si elles flottaient dans les airs. Au centre de ce th\u00e8me exotique, suspendu comme un rideau \u00e0 son vantail, le portrait photographique en bichromie de l\u2019auteur. Incrust\u00e9, sur le tronc de l\u2019arbre, comme si on l\u2019y avait grav\u00e9 ainsi qu\u2019il se pratique dans les parcs et jardins o\u00f9 l\u2019on devine, sur des troncs, des c\u0153urs enserrant les initiales de deux amoureux s\u00e9par\u00e9es par un signe \u00ab\u00a0plus\u00a0\u00bb : le logo de l\u2019\u00e9diteur.\u00a0<br><strong>2ac.<\/strong> Le logo : un livre ouvert sur lequel repose une plume \u00e0 la mani\u00e8re d\u2019un marque page, l\u2019ensemble cercl\u00e9 dans une mandorle o\u00f9 on lit, en caract\u00e8res blancs sur fond noir, le nom de l\u2019\u00e9diteur et celui de la collection.\u00a0<br><strong>2ad.<\/strong> Imaginez cette composition graphique encadr\u00e9e d\u2019un liser\u00e9 compos\u00e9 de deux fines bandes \u00e9gales, comme le cadre d\u2019un tableau, surmont\u00e9 du motif v\u00e9g\u00e9tal reprenant les lin\u00e9aments du bas de page.\u00a0<br><strong>2ae.<\/strong> En caract\u00e8res minuscules, tout en bas de la page, presque illisible, la mention : Texte int\u00e9gral.<br><strong>2b.<\/strong> <strong>Le dos<\/strong> dans sa partie sup\u00e9rieure, reprend le logo de l\u2019\u00e9diteur \u00e0 l\u2019identique de celui imprim\u00e9 sur la couverture. En dessous, un triangle noir dont la pointe est orient\u00e9e vers le bas en direction d\u2019un cadre de couleur ros\u00e2tre (il se peut qu\u2019avec le temps, les couleurs de couverture soient quelque peu d\u00e9fra\u00eechies) dans lequel sont indiqu\u00e9s le titre de l\u2019ouvrage et le nom de son auteur (toujours sans pr\u00e9nom), enfin un num\u00e9ro &#8211; 677 &#8211; qui doit correspondre \u00e0 celui du livre dans la nomenclature de la collection et, en dessous, deux \u00e9toiles dont je crois me souvenir qu\u2019elles renvoient \u00e0 un code d\u2019indication du prix, mais ce n\u2019est pas s\u00fbr.<br><strong>2c.<\/strong> <strong>La quatri\u00e8me<\/strong> de couverture reproduit \u00e0 l\u2019identique le motif v\u00e9g\u00e9tal de la premi\u00e8re avec n\u00e9anmoins une inversion notable, le portrait de l\u2019auteur ayant pris la place du titre, lui-m\u00eame d\u00e9sormais ins\u00e9r\u00e9 dans le cadre o\u00f9 figurait en couverture ledit portrait. Deux indications dans une typographie minuscule coulent le long de l\u2019ar\u00eate de droite (la \u00ab\u00a0chose\u00a0\u00bb tenue verticalement) avec cette particularit\u00e9 qu\u2019elles sont imprim\u00e9es de mani\u00e8re \u00e0 converger l\u2019une vers l\u2019autre, contraignant le lecteur \u00e0 orienter (horizontalement cette fois) la \u00ab\u00a0chose\u00a0\u00bb de gauche \u00e0 droite ou inversement de droite \u00e0 gauche selon la position de la mention dont il souhaite prendre connaissance. Elles indiquent pour la premi\u00e8re, en caract\u00e8res noirs : D\u00e9p\u00f4t l\u00e9gal imp. : 6543.5 &#8211; \u00e9d. : 4482 3<sup>e<\/sup> trimestre 1975 ; et pour la seconde, en caract\u00e8res rouges comme pour \u00e9tablir une hi\u00e9rarchie entre ces deux informations : Atelier Pierre Faucheux (du nom du graphiste \u00e0 qui, \u00e0 partir de 1963, fut confi\u00e9e la direction graphique de la maison d\u2019\u00e9dition).<\/p>\n","protected":false},"excerpt":{"rendered":"<p>\u00ab\u00a0La \u00ab chose livre \u00bb est faite d\u2019un dehors\u00a0et d\u2019un dedans qui n\u2019a rien d\u2019une bo\u00eete vide.\u00a0\u00bbMichel Jullien, Le format d\u2019un livre, Verdier 2026. 1 &#8211; La \u00ab\u00a0chose\u00a0\u00bb.\u00a01a. Son format (11 x 16,5) n\u2019est pas celui du standard des livres de poche qui, comme chacun sait, est de 11 x 18.\u00a0 \u00a01b. Son \u00e9paisseur : 2,2 centim\u00e8tres.1c. La tranche, sur <a class=\"more-link\" href=\"https:\/\/www.tierslivre.net\/ateliers\/la-chose-tentative-de-description\/\">Continuer la lecture<span class=\"screen-reader-text\">#Le livre comme fiction #01 | La \u00ab\u00a0chose\u00a0\u00bb, tentative de description\u00a0<\/span><span class=\"meta-nav\">&rarr;<\/span><\/a><\/p>\n","protected":false},"author":693,"featured_media":0,"comment_status":"open","ping_status":"open","sticky":false,"template":"","format":"standard","meta":{"h5ap_radio_sources":[],"footnotes":""},"categories":[8020,8022],"tags":[],"class_list":["post-208672","post","type-post","status-publish","format-standard","hentry","category-le-livre-comme-fiction","category-le-livre-comme-fiction-01-le-livre-comme-description"],"_links":{"self":[{"href":"https:\/\/www.tierslivre.net\/ateliers\/wp-json\/wp\/v2\/posts\/208672","targetHints":{"allow":["GET"]}}],"collection":[{"href":"https:\/\/www.tierslivre.net\/ateliers\/wp-json\/wp\/v2\/posts"}],"about":[{"href":"https:\/\/www.tierslivre.net\/ateliers\/wp-json\/wp\/v2\/types\/post"}],"author":[{"embeddable":true,"href":"https:\/\/www.tierslivre.net\/ateliers\/wp-json\/wp\/v2\/users\/693"}],"replies":[{"embeddable":true,"href":"https:\/\/www.tierslivre.net\/ateliers\/wp-json\/wp\/v2\/comments?post=208672"}],"version-history":[{"count":5,"href":"https:\/\/www.tierslivre.net\/ateliers\/wp-json\/wp\/v2\/posts\/208672\/revisions"}],"predecessor-version":[{"id":208680,"href":"https:\/\/www.tierslivre.net\/ateliers\/wp-json\/wp\/v2\/posts\/208672\/revisions\/208680"}],"wp:attachment":[{"href":"https:\/\/www.tierslivre.net\/ateliers\/wp-json\/wp\/v2\/media?parent=208672"}],"wp:term":[{"taxonomy":"category","embeddable":true,"href":"https:\/\/www.tierslivre.net\/ateliers\/wp-json\/wp\/v2\/categories?post=208672"},{"taxonomy":"post_tag","embeddable":true,"href":"https:\/\/www.tierslivre.net\/ateliers\/wp-json\/wp\/v2\/tags?post=208672"}],"curies":[{"name":"wp","href":"https:\/\/api.w.org\/{rel}","templated":true}]}}