{"id":220213,"date":"2026-09-05T19:49:12","date_gmt":"2026-09-05T17:49:12","guid":{"rendered":"https:\/\/www.tierslivre.net\/ateliers\/?p=220213"},"modified":"2026-09-05T19:49:12","modified_gmt":"2026-09-05T17:49:12","slug":"chroniques-08-joies-et-deceptions-de-lanalyse-des-phrases-incertaines","status":"publish","type":"post","link":"https:\/\/www.tierslivre.net\/ateliers\/chroniques-08-joies-et-deceptions-de-lanalyse-des-phrases-incertaines\/","title":{"rendered":"#chroniques #08 | joies et d\u00e9ceptions de l&rsquo;analyse des phrases incertaines"},"content":{"rendered":"\n<div data-wp-interactive=\"core\/file\" class=\"wp-block-file\"><object data-wp-bind--hidden=\"!state.hasPdfPreview\" hidden class=\"wp-block-file__embed\" data=\"https:\/\/www.tierslivre.net\/ateliers\/wp-content\/uploads\/2026\/09\/chroniques-08-_.pdf\" type=\"application\/pdf\" style=\"width:100%;height:600px\" aria-label=\"Contenu embarqu\u00e9 #chroniques #08 _.\"><\/object><a id=\"wp-block-file--media-55aeb905-f32d-458e-9bb4-88232b82f0f9\" href=\"https:\/\/www.tierslivre.net\/ateliers\/wp-content\/uploads\/2026\/09\/chroniques-08-_.pdf\">#chroniques #08 _<\/a><a href=\"https:\/\/www.tierslivre.net\/ateliers\/wp-content\/uploads\/2026\/09\/chroniques-08-_.pdf\" class=\"wp-block-file__button wp-element-button\" download aria-describedby=\"wp-block-file--media-55aeb905-f32d-458e-9bb4-88232b82f0f9\">T\u00e9l\u00e9charger<\/a><\/div>\n\n\n\n<p class=\"wp-block-paragraph\"><\/p>\n\n\n\n<ol class=\"wp-block-list\">\n<li>Une soif de justice insoup\u00e7onn\u00e9e que les manipulations auxquelles je me laisse aller cr\u00e9ent un mur terrifiant entre moi et elles. Cette force qui fait virer dans l\u2019injustice et ce sentiment d\u2019impunit\u00e9 qui me fait glisser dans l\u2019angoisse l\u2019instant suivant. Les moyens que m&rsquo;octroie la s\u00e9duction floutent les limites du monde, de mes d\u00e9sirs et celles qui viennent contraindre les autres vies. Mon envie est si forte et \u00e9trang\u00e8re \u00e0 l\u2019image que j\u2019ai de moi-m\u00eame que sa d\u00e9flagration me surprend.\u00a0 Mes probl\u00e8mes ont des visages si \u00e9trangers, et heureusement, conna\u00eetre la distance qui nous s\u00e9parent m\u2019effraie.\u00a0<\/li>\n<\/ol>\n\n\n\n<ol start=\"2\" class=\"wp-block-list\">\n<li>\u00ab\u00a0<em>Pas \u00e9tonnant que tout le monde le d\u00e9teste. Il n&rsquo;aide personne. Il reste toute la journ\u00e9e dans le salon avec les volets ferm\u00e9s. Oui et puis de toute fa\u00e7on, il n\u2019a pas envie et ensuite c\u2019est ses affaires, c\u2019est un adulte, il est responsable. Apr\u00e8s il faut ce qu\u2019il veut c\u2019est sa vie. \u00c7a le regarde. Mais il reste toute la journ\u00e9e assis \u00e0 ne rien faire. Il n&rsquo;a pas la fibre. Apr\u00e8s c\u2019est normal, soit on l\u2019a, soit on l\u2019a pas. Moi je m\u2019\u00e9tais pris la t\u00eate avec lui puisqu\u2019il m\u2019avait dit que je ne pouvais pas utiliser de l\u00e8ve-personne et ensuite quand il devrait faire toutes les personnes qui \u00e9taient pas autonomes, il m\u2019a pris ma t\u00eate. Et il se plaint mais depuis le temps qu\u2019il travaille, il aura d\u00fb r\u00e9ussir \u00e0 faire des \u00e9conomies.<\/em> \u201d<\/li>\n<\/ol>\n\n\n\n<ol start=\"3\" class=\"wp-block-list\">\n<li>Elle fait comme si il n&rsquo;y avait pas douleur ind\u00e9passable, comme si la guerre et la domination \u00e9tait la seule forme de relation, comme si la physique des choses n\u2019\u00e9taient pas affect\u00e9s, elle-m\u00eame infectieuse, et que les choses se r\u00e9g\u00e9n\u00e8reraient avec quelques instants d\u2019arr\u00eats, que la vie \u00e9tait plus forte que la mort, que la vie \u00e9tait uniquement assiduit\u00e9 et discipline et non courage et cr\u00e9ativit\u00e9, qu\u2019il y avait une le\u00e7on \u00e0 tout, que l\u2019\u00e9motion nourrissait la morale, que celle-ci justifiait le langage et que pourtant, toujours du bon c\u00f4t\u00e9, la culpabilit\u00e9 lui \u00e9tait ext\u00e9rieure, non-imposable, tout au plus impos\u00e9 de l\u2019ext\u00e9rieur, devant \u00eatre combattue, ni\u00e9e, mauvaise et \u00e0 traquer sous chaque phrase, dans chaque nuance comme une l\u00e2chet\u00e9 face \u00e0 une franchise impulsive, un parler \u201ccash\u201d, \u201con se dit les choses directes\u201d et cela ira, comme si la distance entre la bouche et le cerveaux l\u2019assurait d\u2019avoir de bons mots, d\u2019une quelconque intelligence,\u00a0 et non des cris encore d\u00e9goulinant des premiers instincts, la v\u00e9rit\u00e9 des premiers balbutiements, la primeur donn\u00e9e aux premi\u00e8res impressions, entre deux inhalations, deux aspirations de fum\u00e9es, deux\u00a0 mastications, deux r\u00f4ts, deux r\u00e9gurgitations, entre deux actions du corps se trouveraient l\u2019expression v\u00e9ritable, ou du moins qui ne ment pas, et la v\u00e9rit\u00e9 cette expression, et les gens, ces m\u00e9chants, ils allaient devoir marcher sur des oeufs autour d\u2019elles sinon elle les critiqueraient et laisserait un poison couler, les bl\u00e2mant pour les choix qu\u2019ils lui demander de faire, les impressions qu\u2019ils lui avaient donn\u00e9s.\u00a0<\/li>\n<\/ol>\n\n\n\n<ol start=\"4\" class=\"wp-block-list\">\n<li>Je suis arriv\u00e9 \u00e0 un moment particulier de mon \u00e9criture. Elle est facilit\u00e9e, quotidienne, int\u00e9grative mais encore in\u00e9gale et d\u00e9sorganis\u00e9e. Je vois combien encore j\u2019ai du travail pour me corriger syst\u00e9matiquement, prendre plus de temps pour me lire et lire les autres (sans me comparer). J\u2019ai pris plaisir \u00e0 r\u00e9gresser dans l\u2019\u00e9criture pour trouver de l\u2019inspiration mais transformer la chose en un produit n\u00e9cessite plus de travail.\u00a0 Il me faut \u00e9tudier la litt\u00e9rature et avoir plus d\u2019ambitions dans un moment secondaire de structuration. Actuellement, elle peut tenir quelques impressions, quelques id\u00e9es, quelques formes et le faire \u00e9merger, le mettre en relief, \u00eatre un moyen d&rsquo;expression et de d\u00e9couverte. Mais je suis d\u00e9sormais pris par mes propres limitations. Je d\u00e9veloppe l&rsquo;habitude de la relecture (attentive aux fautes d&rsquo;orthographes et de conjugaison et de structures) mais il me faut encore 5 \u00e0 6 lectures. Souvent je publie apr\u00e8s la premi\u00e8re. Entre le moment du premier jet et le moment o\u00f9 le texte devient tranquille, il y a quelques jours. Parfois, dans une phrase, je d\u00e9couvre un fouillis d&rsquo;id\u00e9es et d&rsquo;impressions qu&rsquo;il me faut mettre \u00e0 jour, \u00e9tirer en propositions diff\u00e9rentes et distinguer &#8211; parfois \u00e0 mon grand d\u00e9plaisir puisque l&rsquo;impression de dynamique g\u00e9n\u00e9rale donn\u00e9e par l\u2019agr\u00e9gation d&rsquo;\u00e9l\u00e9ments diff\u00e9rents pendant le moment de l&rsquo;\u00e9criture ne tient pas \u00e0 l&rsquo;\u00e9tape de la relecture, de\u00a0 l\u2019analyse ou de la dissection. Je me retrouve \u00e0 me constituer une petite biblioth\u00e8que d&rsquo;outils &#8211; sans trop savoir comment les utiliser lors de l&rsquo;\u00e9criture : un Bescherelle, un Gradus Litt\u00e9raire, une Dictionnaire des Id\u00e9es Litt\u00e9raires. Dans tous les cas, je fais le choix de d\u00e9couvrir ce que je peux faire en \u00e9criture, quelles sont mes obsessions et limites, cela veut dire d&rsquo;accro\u00eetre les espaces d&rsquo;\u00e9criture. En effet, la participation au cycle atelier d&rsquo;\u00e9t\u00e9 \u00ab\u00a0Chroniques\u00a0\u00bb m&rsquo;a caus\u00e9 d&rsquo;outrepasser plusieurs fois la limite de signes &#8211; je comprends cela comme une capacit\u00e9 d&rsquo;\u00e9crire longuement \u00e0 rendre plus r\u00e9flexive. Ai-je besoin d&rsquo;\u00e9crire plus pour m&rsquo;exprimer? Si oui, est-ce l&rsquo;espace ou dois-je d\u00e9sormais commencer \u00e0 cr\u00e9er un autre espace d&rsquo;\u00e9criture dont la structure, les lignes seraient \u00e0 inventer, \u00e0 reprendre d&rsquo;autres espaces et \u00e0 adapter.<\/li>\n<\/ol>\n\n\n\n<ol start=\"5\" class=\"wp-block-list\">\n<li>L&rsquo;insistance de la m\u00e9moire, la nervosit\u00e9 du quotidien et l&rsquo;ombre d&rsquo;un texte ou d&rsquo;un auteur semblent n\u00e9cessaires \u00e0 l\u2019\u00e9criture. Ainsi je peux constituer l&rsquo;\u00e9v\u00e9nement par les mots et ce dernier pourtant les d\u00e9passe par ses effets r\u00e9els sur mon corps et mes pens\u00e9es. Dans les futures pass\u00e9es de l&rsquo;instant, ceux exclus par la d\u00e9cision dans l&rsquo;effectuation passive de l&rsquo;\u00e9v\u00e9nement en moi, la litt\u00e9rature raccroche les wagons, permet de tenir \u00e0 la surface. Ainsi l&rsquo;\u00e9criture est le moyen d&rsquo;une contre-effectuation de la vie en soi, langue claire mais composite refl\u00e9tant des fragments de sons, des intonations de voix , de lumi\u00e8res et de sensations pass\u00e9es.<\/li>\n<\/ol>\n","protected":false},"excerpt":{"rendered":"","protected":false},"author":688,"featured_media":0,"comment_status":"open","ping_status":"open","sticky":false,"template":"","format":"standard","meta":{"h5ap_radio_sources":[],"footnotes":""},"categories":[8106,8123,8191],"tags":[],"class_list":["post-220213","post","type-post","status-publish","format-standard","hentry","category-ete-2026-chroniques","category-ete-2026-chroniques-sommaire-des-propositions","category-ete-2026-08-semaine-8"],"_links":{"self":[{"href":"https:\/\/www.tierslivre.net\/ateliers\/wp-json\/wp\/v2\/posts\/220213","targetHints":{"allow":["GET"]}}],"collection":[{"href":"https:\/\/www.tierslivre.net\/ateliers\/wp-json\/wp\/v2\/posts"}],"about":[{"href":"https:\/\/www.tierslivre.net\/ateliers\/wp-json\/wp\/v2\/types\/post"}],"author":[{"embeddable":true,"href":"https:\/\/www.tierslivre.net\/ateliers\/wp-json\/wp\/v2\/users\/688"}],"replies":[{"embeddable":true,"href":"https:\/\/www.tierslivre.net\/ateliers\/wp-json\/wp\/v2\/comments?post=220213"}],"version-history":[{"count":4,"href":"https:\/\/www.tierslivre.net\/ateliers\/wp-json\/wp\/v2\/posts\/220213\/revisions"}],"predecessor-version":[{"id":220804,"href":"https:\/\/www.tierslivre.net\/ateliers\/wp-json\/wp\/v2\/posts\/220213\/revisions\/220804"}],"wp:attachment":[{"href":"https:\/\/www.tierslivre.net\/ateliers\/wp-json\/wp\/v2\/media?parent=220213"}],"wp:term":[{"taxonomy":"category","embeddable":true,"href":"https:\/\/www.tierslivre.net\/ateliers\/wp-json\/wp\/v2\/categories?post=220213"},{"taxonomy":"post_tag","embeddable":true,"href":"https:\/\/www.tierslivre.net\/ateliers\/wp-json\/wp\/v2\/tags?post=220213"}],"curies":[{"name":"wp","href":"https:\/\/api.w.org\/{rel}","templated":true}]}}