{"id":220285,"date":"2026-09-02T06:00:00","date_gmt":"2026-09-02T04:00:00","guid":{"rendered":"https:\/\/www.tierslivre.net\/ateliers\/?p=220285"},"modified":"2026-09-02T07:05:18","modified_gmt":"2026-09-02T05:05:18","slug":"chroniques-08-l-ce-qui-est-en-je","status":"publish","type":"post","link":"https:\/\/www.tierslivre.net\/ateliers\/chroniques-08-l-ce-qui-est-en-je\/","title":{"rendered":"#chroniques #08 l Ce qui est en je."},"content":{"rendered":"\n<p class=\"wp-block-paragraph\"><strong>1<\/strong><\/p>\n\n\n\n<p class=\"wp-block-paragraph\">Je me pr\u00e9f\u00e8re \u00e0 celle que je r\u00eavais d&rsquo;\u00eatre.<\/p>\n\n\n\n<p class=\"wp-block-paragraph\"><strong>2<\/strong><\/p>\n\n\n\n<p class=\"wp-block-paragraph\">Je lui aurai dit : \u00a0\u00bb Je crois qu&rsquo;on a bien parl\u00e9. Je n&rsquo;\u00e9tais pas en col\u00e8re, je n&rsquo;avais pas. peur, j&rsquo;\u00e9tais calme et pos\u00e9e. J&rsquo;ai pu tranquillement dire ma pens\u00e9e, sans accroc. Mais maintenant, je me demande si j&rsquo;aurai du lui dire tout cela. Je l&rsquo;ai vu \u00eatre touch\u00e9, boulevers\u00e9 par les phrases que je pronon\u00e7ais. Et comme je faisais attention \u00e0 mes mots, je n&rsquo;ai pas de suite observ\u00e9 ce changement. J&rsquo;aurai peut-\u00eatre d\u00fb le regarder en parlant. Mais les mots voulaient s&rsquo;exprimer, creuser en l&rsquo;autre et laisser une trace. Je sentais que ce que je disais avait une port\u00e9e mais je ne pensais pas qu&rsquo;elle serait si importante \u00e0 ses yeux. Je trouvais m\u00eame naturel que les choses soient ainsi et qu&rsquo;elles puissent \u00eatre avou\u00e9es. Et je le pense toujours. Et je ne le regrette pas. Mais quelque chose me dit qu&rsquo;il n&rsquo;\u00e9tait peut-\u00eatre pas pr\u00eat \u00e0 entendre. Que je venais de briser une illusion, un r\u00eave. Mais il voulait en parler alors je l&rsquo;ai fait. Mais je n&rsquo;aurai peut-\u00eatre pas d\u00fb. Qu&rsquo;est-ce que tu en penses toi ? (&#8230;) \u00ab\u00a0<\/p>\n\n\n\n<p class=\"wp-block-paragraph\"><strong>3<\/strong><\/p>\n\n\n\n<p class=\"wp-block-paragraph\">Elle fait comme si elle n&rsquo;\u00e9tait pas qu&rsquo;un petit point de l&rsquo;univers qui criait sans \u00e9cho, elle fait comme si elle voyait en chacun des \u00eatres un coeur rouge saignant qui attendait de battre, elle fait comme si tout le temps, quelque part, quelqu&rsquo;un pensait \u00e0 elle, elle fait comme si elle \u00e9tait prot\u00e9g\u00e9e par une entit\u00e9 myst\u00e9rieuse et que jamais elle ne finirait sur un trottoir \u00e0 tendre la main, elle fait comme si un jour, tout allait appara\u00eetre clairement \u00e0 la conscience collective et se transformer radicalement en quelque chose de plus doux, elle fait comme si ses pens\u00e9es \u00e9taient tellement fortes que la vie pouvait l&rsquo;entendre, elle fait comme si son amour allait vivre \u00e9ternellement et qu&rsquo;ils s&rsquo;\u00e9teindraient ensemble, elle fait comme si les arbres, les animaux et les insectes se parlaient mais se taisaient devant les hommes, elle fait comme si un jour ou la veille ou deux jours avant, elle se l\u00e8verait, comprendrait que c&rsquo;est le dernier et saurait exactement quoi faire et penser.<\/p>\n\n\n\n<p class=\"wp-block-paragraph\"><strong>4<\/strong><\/p>\n\n\n\n<p class=\"wp-block-paragraph\">A chaque fois que j&rsquo;\u00e9cris, je me rencontre. <\/p>\n\n\n\n<p class=\"wp-block-paragraph\">Non que je me perde en n&rsquo;\u00e9crivant pas mais, lorsque je me mets en relation avec les mots, je suis profond\u00e9ment au plus proche de moi-m\u00eame. L&rsquo;acte d&rsquo;\u00e9crire m&rsquo;oblige \u00e0 arr\u00eater mon corps, mon rythme et \u00e0 me poser dans l&rsquo;\u00e9coute de ce qui est et de ce qui surgit. Je sais qu&rsquo;il me faut ralentir pour ne pas \u00e9crire \u00e0 c\u00f4t\u00e9 de moi-m\u00eame. Je dois aussi veiller \u00e0 ce que mon \u00e9criture traverse le coeur et quelques organes sinon mon esprit cherche \u00e0 plaire, mon mot devient s\u00e9duction et tout devient mensonge. Est-ce que j&rsquo;\u00e9cris pour moi ou pour les autres ? Ceci est une question que je n&rsquo;arrive jamais \u00e0 r\u00e9soudre et que je ne suis m\u00eame pas certaine de comprendre. J&rsquo;\u00e9cris parce que les mots doivent \u00eatre dits. Et parce que la clart\u00e9 de mon \u00e9criture surgit plus forte que lorsque je parle. Comme si parler m&rsquo;\u00e9tait trop rapide. Je n&rsquo;ai pas le temps de penser, de peser mes syllabes et d&rsquo;ingurgiter mes verbes. Mais parfois, je parle et je le regrette car mes mots me d\u00e9passent \u00e0 vive allure. Lorsque j&rsquo;\u00e9cris, je peux mieux m&rsquo;entendre.<\/p>\n\n\n\n<p class=\"wp-block-paragraph\"><strong>5<\/strong><\/p>\n\n\n\n<p class=\"wp-block-paragraph\">Nous \u00e9tions l\u00e0 les pieds dans des bottes en caoutchouc \u00e0 tracer des chemins dans les champs coup\u00e9s \u00e0 ras du sol, le ciel gris au dessus de nos t\u00eates et l&rsquo;horizon envahi de nuages. Nous \u00e9tions l\u00e0 \u00e0 deviser comme nous le faisions depuis la veille, en prenant soin de nos mots pour ne pas froisser ou de n&rsquo;\u00eatre pas bien entendu de l&rsquo;autre, lorsque nous entr\u00e2mes dans un petit bois sans trop de charme. Les feuilles ni d&rsquo;\u00e9t\u00e9 ni d&rsquo;automne semblaient mortes au bout des branches fl\u00e9tries, quelques mouchoirs de papier trainaient lamentablement \u00e0 terre et des miradors de chasse tr\u00f4naient violemment. Je commen\u00e7ais \u00e0 regretter la promenade lorsque le bois se transforma au fur et \u00e0 mesure de nos pas. Le chemin s&rsquo;agrandit faisant place \u00e0 une v\u00e9ritable all\u00e9e o\u00f9 quelques menus rayons de lumi\u00e8re travers\u00e8rent le paysage, le vert des arbres semblaient avoir r\u00e9sist\u00e9 \u00e0 la chaleur de juillet et j&rsquo;aper\u00e7us, non loin de l\u00e0, un chevreuil magnifique qui se mit \u00e0 bondir, \u00e0 l&rsquo;instar d&rsquo;un danseur de ballet, avant de disparaitre en quelques micro-secondes. A cet instant pr\u00e9cis, vint dans mon cr\u00e2ne, les mots de Khalil Gibran \u00a0\u00bb I<em>l y a un moment o\u00f9 les mots s&rsquo;usent. Et le silence commence \u00e0 raconter<\/em> \u00a0\u00bb et l&rsquo;air se fit lentement plus doux jusqu&rsquo;\u00e0 la fin de l&rsquo;apr\u00e8s-midi.<\/p>\n\n\n\n<p class=\"wp-block-paragraph\"><\/p>\n","protected":false},"excerpt":{"rendered":"<p>1 Je me pr\u00e9f\u00e8re \u00e0 celle que je r\u00eavais d&rsquo;\u00eatre. 2 Je lui aurai dit : \u00a0\u00bb Je crois qu&rsquo;on a bien parl\u00e9. Je n&rsquo;\u00e9tais pas en col\u00e8re, je n&rsquo;avais pas. peur, j&rsquo;\u00e9tais calme et pos\u00e9e. J&rsquo;ai pu tranquillement dire ma pens\u00e9e, sans accroc. Mais maintenant, je me demande si j&rsquo;aurai du lui dire tout cela. Je l&rsquo;ai vu \u00eatre <a class=\"more-link\" href=\"https:\/\/www.tierslivre.net\/ateliers\/chroniques-08-l-ce-qui-est-en-je\/\">Continuer la lecture<span class=\"screen-reader-text\">#chroniques #08 l Ce qui est en je.<\/span><span class=\"meta-nav\">&rarr;<\/span><\/a><\/p>\n","protected":false},"author":444,"featured_media":0,"comment_status":"open","ping_status":"open","sticky":false,"template":"","format":"standard","meta":{"h5ap_radio_sources":[],"footnotes":""},"categories":[8106,8191],"tags":[],"class_list":["post-220285","post","type-post","status-publish","format-standard","hentry","category-ete-2026-chroniques","category-ete-2026-08-semaine-8"],"_links":{"self":[{"href":"https:\/\/www.tierslivre.net\/ateliers\/wp-json\/wp\/v2\/posts\/220285","targetHints":{"allow":["GET"]}}],"collection":[{"href":"https:\/\/www.tierslivre.net\/ateliers\/wp-json\/wp\/v2\/posts"}],"about":[{"href":"https:\/\/www.tierslivre.net\/ateliers\/wp-json\/wp\/v2\/types\/post"}],"author":[{"embeddable":true,"href":"https:\/\/www.tierslivre.net\/ateliers\/wp-json\/wp\/v2\/users\/444"}],"replies":[{"embeddable":true,"href":"https:\/\/www.tierslivre.net\/ateliers\/wp-json\/wp\/v2\/comments?post=220285"}],"version-history":[{"count":15,"href":"https:\/\/www.tierslivre.net\/ateliers\/wp-json\/wp\/v2\/posts\/220285\/revisions"}],"predecessor-version":[{"id":220650,"href":"https:\/\/www.tierslivre.net\/ateliers\/wp-json\/wp\/v2\/posts\/220285\/revisions\/220650"}],"wp:attachment":[{"href":"https:\/\/www.tierslivre.net\/ateliers\/wp-json\/wp\/v2\/media?parent=220285"}],"wp:term":[{"taxonomy":"category","embeddable":true,"href":"https:\/\/www.tierslivre.net\/ateliers\/wp-json\/wp\/v2\/categories?post=220285"},{"taxonomy":"post_tag","embeddable":true,"href":"https:\/\/www.tierslivre.net\/ateliers\/wp-json\/wp\/v2\/tags?post=220285"}],"curies":[{"name":"wp","href":"https:\/\/api.w.org\/{rel}","templated":true}]}}