{"id":220366,"date":"2026-08-30T21:11:35","date_gmt":"2026-08-30T19:11:35","guid":{"rendered":"https:\/\/www.tierslivre.net\/ateliers\/?p=220366"},"modified":"2026-08-31T08:50:33","modified_gmt":"2026-08-31T06:50:33","slug":"chroniques-06-la-main-a-la-patte","status":"publish","type":"post","link":"https:\/\/www.tierslivre.net\/ateliers\/chroniques-06-la-main-a-la-patte\/","title":{"rendered":"#chroniques #06 | la main \u00e0 la patte"},"content":{"rendered":"\n<figure class=\"wp-block-image size-full\"><img loading=\"lazy\" decoding=\"async\" width=\"640\" height=\"522\" src=\"https:\/\/www.tierslivre.net\/ateliers\/wp-content\/uploads\/2026\/08\/06-GoelandSaintMalo.jpeg\" alt=\"\" class=\"wp-image-220367\" srcset=\"https:\/\/www.tierslivre.net\/ateliers\/wp-content\/uploads\/2026\/08\/06-GoelandSaintMalo.jpeg 640w, https:\/\/www.tierslivre.net\/ateliers\/wp-content\/uploads\/2026\/08\/06-GoelandSaintMalo-420x343.jpeg 420w\" sizes=\"auto, (max-width: 640px) 100vw, 640px\" \/><\/figure>\n\n\n\n<div data-wp-interactive=\"core\/file\" class=\"wp-block-file\"><object data-wp-bind--hidden=\"!state.hasPdfPreview\" hidden class=\"wp-block-file__embed\" data=\"https:\/\/www.tierslivre.net\/ateliers\/wp-content\/uploads\/2026\/08\/06-PDF.pdf\" type=\"application\/pdf\" style=\"width:100%;height:600px\" aria-label=\"Contenu embarqu\u00e9 #06-PDF.\"><\/object><a id=\"wp-block-file--media-ee17d5f3-f91b-40e2-9b71-e6be0e4c7d97\" href=\"https:\/\/www.tierslivre.net\/ateliers\/wp-content\/uploads\/2026\/08\/06-PDF.pdf\">#06-PDF<\/a><a href=\"https:\/\/www.tierslivre.net\/ateliers\/wp-content\/uploads\/2026\/08\/06-PDF.pdf\" class=\"wp-block-file__button wp-element-button\" download aria-describedby=\"wp-block-file--media-ee17d5f3-f91b-40e2-9b71-e6be0e4c7d97\">T\u00e9l\u00e9charger<\/a><\/div>\n\n\n\n<p class=\"wp-block-paragraph\"><\/p>\n\n\n\n<p class=\"wp-block-paragraph\">1 \u2013 du monde<br>Les plantes qui s\u2019\u00e9l\u00e8vent \u00e0 travers le goudron ont la force qu\u2019il faudrait pour faire changer le monde\u00a0<\/p>\n\n\n\n<p class=\"wp-block-paragraph\">2 \u2013 manger ou \u00eatre mang\u00e9<br>Manger les pissenlits par la racine \u2013 manger son pain blanc \u2013 mang\u00e9 aux vers \u2013 mang\u00e9 aux mites \u2013 inviter \u00e0 manger \u2013 manger ensemble \u2013 avoir les voisins \u00e0 manger \u2013 manger du lion \u2013 manger de la vache enrag\u00e9e \u2013 faire manger le champ du haut \u2013 manger dans la main \u2013 manger pour vivre, vivre pour manger \u2013 toute une vie \u00e0 manger \u2013 manger trois fois par jour, environ \u2013 et pour finir encore ces pissenlits \u00e0 manger par la racine. Une vie \u00e0 manger et puis manger encore de l\u2019autre c\u00f4t\u00e9 de la vie<\/p>\n\n\n\n<p class=\"wp-block-paragraph\">3 \u2013 un fil \u00e0 la patte<br>C\u2019est un peu comme si \u00e7a venait d\u2019un autre monde. Un monde dans lequel on n\u2019aurait pas les connaissances, pas les outils, pas les moyens de comprendre, de faire avec, pas les moyens de s\u2019en sortir. Pas les moyens non plus d\u2019expliquer le probl\u00e8me, pas la langue, pas les mots, pas la possibilit\u00e9 de dire. Alors ne reste plus qu\u2019\u00e0 parler par les yeux, avec le corps, avec les gestes que tout le monde comprend, parce qu\u2019on peut se comprendre, comprendre l\u2019importance de ce qui se passe juste l\u00e0, m\u00eame sans avoir les mots<br>Tenter de s\u2019envoler, de partir, de fuir et \u00eatre retenue par un fil \u00e0 la patte. Tout le monde comprend la chute, l\u2019entrave, cette id\u00e9e du fil \u00e0 la patte, l\u2019envol interrompu. L\u2019oiseau retenu l\u00e0 par un bout de filet de p\u00eache n\u2019a pas l\u2019outil qu\u2019il faut pour pouvoir se lib\u00e9rer mais il comprend tr\u00e8s vite que la lame du couteau vient pour le lib\u00e9rer, pas pour le d\u00e9pecer<br>Alors l\u2019oiseau, une fois le lien coup\u00e9, va secouer sa patte, enlever les derniers bout du filin de nylon bleu coinc\u00e9s entre ses doigts. Et une fois dans les airs, je n\u2019aurai plus qu\u2019\u00e0 virer, me pencher sur mon aile pour jeter un regard \u00e0 celle qui me regarde, un couteau \u00e0 la main et qui est moi aussi puisqu\u2019elle me suit des yeux<\/p>\n\n\n\n<p class=\"wp-block-paragraph\">4 \u2013 les mots \u00e0 la patte<br>Dans l\u2019id\u00e9al, ce serait comme une photo mais faite avec des mots. On choisirait le cadre et on resterait devant, \u00e0 observer, \u00e0 bien observer, les d\u00e9tails, les liens des parties entre elles, les parties avec le tout, les couleurs, les bruits, les odeurs, les passages \u00e9ph\u00e9m\u00e8res, un oiseau, une personne, un insecte, une voiture, un avion et sa trace au milieu des nuages, ou pour du plus petit, s\u2019approcher du sujet et puis tourner autour, les p\u00e9tales et les feuilles, les poils sur la tige, et puis les feuilles entre elles. Pour l\u2019instant regarder, rien n\u2019est encore \u00e9crit, on se fait juste une id\u00e9e. Parfois on se laisse aller \u00e0 prendre une photo, elle sera une aide pr\u00e9cieuse pour pouvoir bien d\u00e9crire, pour se laisser le temps sans se faire influencer par les changements de lumi\u00e8re, par autre chose \u00e0 faire. Et parfois surtout pas, surtout pas de photo pour garder le contact, pour rester sur le vif, pour rester dans l\u2019ambiance et pour ne pas tomber dans la facilit\u00e9 du triangle infernal, rajouter une photo entre le sujet et soi. Et viendra le moment d\u2019aller farfouiller loin dans son vocabulaire comme on choisit le crayon pour se mettre au dessin. Se rapprocher de la feuille, en haut\u00a0? en bas\u00a0? au milieu\u00a0? Pour le c\u00f4t\u00e9 pratique, commencer par la gauche pour ne pas faire baver le dessin d\u00e9j\u00e0 fait en y posant la main pour dessiner la suite, comme on \u00e9crit aussi de la gauche vers la droite. Mais les aides mat\u00e9rielles ne sont pas tr\u00e8s nombreuses, on en a vite fait le tour et il faudrait s\u2019y mettre, s\u2019y mettre pour de varia, commencer \u00e0 taper ou poser le crayon sur le blanc de la feuille. Maintenant le choix du cadre. Le paysage entier ou juste un petit d\u00e9tail, les ailes d\u2019un papillon, le papillon en entier ou toute la montagne\u00a0? Les premiers mots sont l\u00e0, juste sur le bout des doigts mais on n\u2019ose quand m\u00eame pas, encore tant de choix \u00e0 faire, le pronom, le pr\u00e9nom, nommer ou ne pas nommer, car m\u00eame pour une plante, on h\u00e9site parfois pour \u00e9viter, on se dit, de tomber facilement dans le trait\u00e9 botanique dans la d\u00e9monstration, l\u2019\u00e9talage de science, pourtant les mots sont l\u00e0, ils sont les plus pr\u00e9cis, bract\u00e9es et capitules, feuilles compos\u00e9es, alternes et tout ce qui vient apr\u00e8s quand on dit les couleurs, les textures et les formes. Alors on se dit tant pis, on a peur de p\u00e9rir sous toutes ces questions, on se lance et tant pis. Mais d\u00e8s la deuxi\u00e8me phrase, on va vite se rendre compte qu\u2019on est toute emp\u00eatr\u00e9e dans ces choix qu\u2019on a fait sans y penser vraiment quand il s\u2019agissait juste de faire le portrait de l\u2019arbre qui pousse l\u00e0 juste en face de la fen\u00eatre, se rendre compte au bout de la ligne qu\u2019on a d\u00e9j\u00e0 perdu un bon bout de libert\u00e9, que d\u00e8s les premiers mots on s\u2019est tout de suite mis comme un fil \u00e0 la patte<\/p>\n\n\n\n<p class=\"wp-block-paragraph\">5 \u2013 phrases-Lego<br>L\u2019arbre de la for\u00eat<br>Les feuilles de l\u2019arbre de la for\u00eat<br>Le tas des feuilles de l\u2019arbre de la for\u00eat<br>La hauteur du tas des feuilles de l\u2019arbre de la for\u00eat<br>Le double de la hauteur du tas des feuilles de l\u2019arbre de la for\u00eat<br>L\u2019histoire du double de la hauteur du tas de feuilles de l\u2019arbre<br>Le d\u00e9but de l\u2019histoire du double de la hauteur du tas de feuilles<\/p>\n","protected":false},"excerpt":{"rendered":"<p>1 \u2013 du mondeLes plantes qui s\u2019\u00e9l\u00e8vent \u00e0 travers le goudron ont la force qu\u2019il faudrait pour faire changer le monde\u00a0 2 \u2013 manger ou \u00eatre mang\u00e9Manger les pissenlits par la racine \u2013 manger son pain blanc \u2013 mang\u00e9 aux vers \u2013 mang\u00e9 aux mites \u2013 inviter \u00e0 manger \u2013 manger ensemble \u2013 avoir les voisins \u00e0 manger \u2013 manger <a class=\"more-link\" href=\"https:\/\/www.tierslivre.net\/ateliers\/chroniques-06-la-main-a-la-patte\/\">Continuer la lecture<span class=\"screen-reader-text\">#chroniques #06 | la main \u00e0 la patte<\/span><span class=\"meta-nav\">&rarr;<\/span><\/a><\/p>\n","protected":false},"author":123,"featured_media":220367,"comment_status":"open","ping_status":"open","sticky":false,"template":"","format":"standard","meta":{"h5ap_radio_sources":[],"footnotes":""},"categories":[8106,8171],"tags":[344,574,800,8192],"class_list":["post-220366","post","type-post","status-publish","format-standard","has-post-thumbnail","hentry","category-ete-2026-chroniques","category-ete-2026-06-semaine-6","tag-lego","tag-main","tag-oiseau","tag-patte"],"_links":{"self":[{"href":"https:\/\/www.tierslivre.net\/ateliers\/wp-json\/wp\/v2\/posts\/220366","targetHints":{"allow":["GET"]}}],"collection":[{"href":"https:\/\/www.tierslivre.net\/ateliers\/wp-json\/wp\/v2\/posts"}],"about":[{"href":"https:\/\/www.tierslivre.net\/ateliers\/wp-json\/wp\/v2\/types\/post"}],"author":[{"embeddable":true,"href":"https:\/\/www.tierslivre.net\/ateliers\/wp-json\/wp\/v2\/users\/123"}],"replies":[{"embeddable":true,"href":"https:\/\/www.tierslivre.net\/ateliers\/wp-json\/wp\/v2\/comments?post=220366"}],"version-history":[{"count":1,"href":"https:\/\/www.tierslivre.net\/ateliers\/wp-json\/wp\/v2\/posts\/220366\/revisions"}],"predecessor-version":[{"id":220369,"href":"https:\/\/www.tierslivre.net\/ateliers\/wp-json\/wp\/v2\/posts\/220366\/revisions\/220369"}],"wp:featuredmedia":[{"embeddable":true,"href":"https:\/\/www.tierslivre.net\/ateliers\/wp-json\/wp\/v2\/media\/220367"}],"wp:attachment":[{"href":"https:\/\/www.tierslivre.net\/ateliers\/wp-json\/wp\/v2\/media?parent=220366"}],"wp:term":[{"taxonomy":"category","embeddable":true,"href":"https:\/\/www.tierslivre.net\/ateliers\/wp-json\/wp\/v2\/categories?post=220366"},{"taxonomy":"post_tag","embeddable":true,"href":"https:\/\/www.tierslivre.net\/ateliers\/wp-json\/wp\/v2\/tags?post=220366"}],"curies":[{"name":"wp","href":"https:\/\/api.w.org\/{rel}","templated":true}]}}