{"id":220457,"date":"2026-09-05T00:09:52","date_gmt":"2026-09-04T22:09:52","guid":{"rendered":"https:\/\/www.tierslivre.net\/ateliers\/?p=220457"},"modified":"2026-09-05T00:09:53","modified_gmt":"2026-09-04T22:09:53","slug":"chroniques-08-faire-ses-gammes","status":"publish","type":"post","link":"https:\/\/www.tierslivre.net\/ateliers\/chroniques-08-faire-ses-gammes\/","title":{"rendered":"\u00ab\u00a0Chroniques 08\u00a0\u00bb Faire ses gammes !"},"content":{"rendered":"\n<div data-wp-interactive=\"core\/file\" class=\"wp-block-file\"><object data-wp-bind--hidden=\"!state.hasPdfPreview\" hidden class=\"wp-block-file__embed\" data=\"https:\/\/www.tierslivre.net\/ateliers\/wp-content\/uploads\/2026\/09\/CHRONIQUES-08.pdf\" type=\"application\/pdf\" style=\"width:100%;height:600px\" aria-label=\"Contenu embarqu\u00e9 CHRONIQUES 08.\"><\/object><a id=\"wp-block-file--media-6ba6f651-510d-4d86-83c4-2b0f5ec6c67c\" href=\"https:\/\/www.tierslivre.net\/ateliers\/wp-content\/uploads\/2026\/09\/CHRONIQUES-08.pdf\">CHRONIQUES 08<\/a><a href=\"https:\/\/www.tierslivre.net\/ateliers\/wp-content\/uploads\/2026\/09\/CHRONIQUES-08.pdf\" class=\"wp-block-file__button wp-element-button\" download aria-describedby=\"wp-block-file--media-6ba6f651-510d-4d86-83c4-2b0f5ec6c67c\">T\u00e9l\u00e9charger<\/a><\/div>\n\n\n\n<p class=\"wp-block-paragraph\"><strong>Je suis si divis\u00e9 que je ne sais pas quel est le chemin \u00e0 prendre<\/strong><\/p>\n\n\n\n<p class=\"wp-block-paragraph\"><strong>2 Absurde<\/strong><\/p>\n\n\n\n<p class=\"wp-block-paragraph\">Il m\u2019a dit, par \u00e9crit, envoy\u00e9 un court sms, une phrase dont je ne me souviens plus, ne me souviens pas de l\u2019avoir dit&nbsp;! il me l\u2019a reproch\u00e9, ne m\u2019a plus parl\u00e9 pendant plusieurs ann\u00e9es, confirm\u00e9, affirm\u00e9, convaincu qu\u2019il avait raison, une phrase que j\u2019aurais dit \u00e0 une autre, dont je ne me souviens plus, ne suis m\u00eame pas s\u00fbre de l\u2019avoir dite.&nbsp;<\/p>\n\n\n\n<p class=\"wp-block-paragraph\"><strong>3 Elle fait comme si\u2026<\/strong><\/p>\n\n\n\n<p class=\"wp-block-paragraph\">Elle fait comme si elle \u00e9tait une vieille dame seule au monde sans personne \u00e0 qui parler, elle fait comme si personne n\u2019\u00e9tait pr\u00e9sent dans sa vie, se plaint d\u2019\u00eatre d\u00e9pendante, elle fait comme si elle \u00e9tait abandonn\u00e9e de tous, elle fait comme si elle \u00e9tait tellement d\u00e9pendante qu\u2019elle ne pourrait plus rien faire du tout, elle fait comme si la vie n\u2019avait plus de raison d\u2019\u00eatre v\u00e9cue, elle fait comme si tout ce qu\u2019elle avait v\u00e9cu \u00e9tait effac\u00e9, elle fait comme si les vieux objets&nbsp;&nbsp;li\u00e9s \u00e0 ses souvenirs&nbsp;&nbsp;\u00e9taient plus importants que les gens qui la soutiennent chaque jour, elle fait comme si elle allait mourir aujourd\u2019hui.<\/p>\n\n\n\n<p class=\"wp-block-paragraph\">Au milieu de la nuit, je lisais, lumi\u00e8re tamis\u00e9e, pour ne pas d\u00e9ranger le dormeur d\u2019\u00e0 c\u00f4t\u00e9. Plong\u00e9e dans le dernier livre de Yannick Haenel, je d\u00e9couvrais l\u2019histoire d\u2019un prof de fran\u00e7ais passionn\u00e9 de po\u00e9sie, \u00e0 ses d\u00e9buts et je repense \u00e0 une autre prof de fran\u00e7ais rencontr\u00e9e en seconde.<\/p>\n\n\n\n<div class=\"wp-block-group\"><div class=\"wp-block-group__inner-container is-layout-constrained wp-block-group-is-layout-constrained\">\n<p class=\"wp-block-paragraph\"><strong>4 \u00c9crire l\u2019inconnu&nbsp;&nbsp;<\/strong><\/p>\n\n\n\n<p class=\"wp-block-paragraph\">\u00c9prouver le manque d\u2019\u00e9crire, pour continuer<\/p>\n\n\n\n<p class=\"wp-block-paragraph\">Attendre impatiemment les mots des autres qui vont soutenir les v\u00f4tres<\/p>\n\n\n\n<p class=\"wp-block-paragraph\">Se lever \u00e0 5h du matin pour tenter de trouver les mots&nbsp;<\/p>\n\n\n\n<p class=\"wp-block-paragraph\">\u00c9crire au-del\u00e0 de soi<\/p>\n\n\n\n<p class=\"wp-block-paragraph\">J\u2019aime tant la phrase de Duras sur l\u2019inconnu de l\u2019\u00e9criture&nbsp;<\/p>\n\n\n\n<p class=\"wp-block-paragraph\">J\u2019ai toujours aim\u00e9 les mots des autres&nbsp;<\/p>\n\n\n\n<p class=\"wp-block-paragraph\">\u00c9crire avec modestie&nbsp;<\/p>\n\n\n\n<p class=\"wp-block-paragraph\">\u00c9crire pour \u00e9crire, pour voir, \u00e9crire comme parler est indispensable \u00e0 ma vie&nbsp;<\/p>\n\n\n\n<p class=\"wp-block-paragraph\">Partager pour \u00e9crire et faire \u00e9crire<\/p>\n\n\n\n<p class=\"wp-block-paragraph\">Re\u00e7u par sms l\u2019autre jour, un court texte de mon fils qui m\u2019avait demand\u00e9 si je n\u2019avais pas une proposition\u2026<\/p>\n\n\n\n<p class=\"wp-block-paragraph\"><em>Tenir<\/em><\/p>\n\n\n\n<p class=\"wp-block-paragraph\"><em>La main du temps qui passe<\/em><\/p>\n\n\n\n<p class=\"wp-block-paragraph\"><em>Dans l\u2019impasse du pr\u00e9sent qui d\u00e9file<\/em><\/p>\n\n\n\n<p class=\"wp-block-paragraph\"><em>Sans retour en arri\u00e8re<\/em><\/p>\n\n\n\n<p class=\"wp-block-paragraph\"><em>En \u00e9quilibre sur un fil&nbsp;<\/em><\/p>\n\n\n\n<p class=\"wp-block-paragraph\"><em>Des instants qui s\u2019\u00e9coulent&nbsp;<\/em><\/p>\n\n\n\n<p class=\"wp-block-paragraph\"><em>Debout \u2013 F.&nbsp;&nbsp;&nbsp;&nbsp;&nbsp;&nbsp;<\/em><\/p>\n\n\n\n<p class=\"wp-block-paragraph\">\u00catre avec l\u2019enfant qui ne sait pas encore qu\u2019un monde va s\u2019ouvrir \u00e0 lui en \u00e9crivant<\/p>\n\n\n\n<p class=\"wp-block-paragraph\"><strong>5 Deux fois la 5<\/strong><\/p>\n<\/div><\/div>\n\n\n\n<p class=\"wp-block-paragraph\">Je me revois r\u00e9citant le dormeur du Val de Rimbaud lors d\u2019une inauguration au lyc\u00e9e, essayant de me souvenir de ce po\u00e8me, ce sont les vers de Victor Hugo qui surgissent \u00ab&nbsp;<em>Elle avait pris ce pli dans son \u00e2ge enfantin, de venir dans ma chambre un peu chaque matin. Je l\u2019attendais comme un rayon qu\u2019on esp\u00e8re\u2026&nbsp;\u00bb<\/em>.&nbsp;<\/p>\n\n\n\n<p class=\"wp-block-paragraph\">Dans le train, je m&rsquo;\u00e9loigne de chez moi, la brume dehors fait \u00e9cho \u00e0 mon \u00e9tat d&rsquo;esprit<\/p>\n\n\n\n<p class=\"wp-block-paragraph\">Dans le train, \u00e0 l&rsquo;arr\u00eat, gare de Lyon, silence dans le wagon, des gens sont l\u00e0 assis, ils lisent leurs messages, je per\u00e7ois le bruit des feuilles de papiers, des mouvements corporels, mon stylo sur la feuille s&rsquo;active<\/p>\n\n\n\n<p class=\"wp-block-paragraph\">Dans le train, 5h40 en route pour Paris, deux hommes parlent de m\u00e9t\u00e9o, de la pluie qui devrait s&rsquo;arr\u00eater au milieu du voyage. Je pense \u00e0 mes pratiques d&rsquo;\u00e9criture, \u00e0 des projets d&rsquo;\u00e9criture non aboutis, je repense \u00e0 cette phrase de P. Vallet \u00ab l\u2019impossible est au commencements\u00a0\u00bb.<\/p>\n\n\n\n<p class=\"wp-block-paragraph\">Dans le train, je relis mon carnet dans lequel j&rsquo;avais not\u00e9 cette citation de R.Char \u00ab\u00a0les mots qui vont surgir savent de nous des choses que nous ignorons \u00ab\u00a0.<\/p>\n","protected":false},"excerpt":{"rendered":"<p>Je suis si divis\u00e9 que je ne sais pas quel est le chemin \u00e0 prendre 2 Absurde Il m\u2019a dit, par \u00e9crit, envoy\u00e9 un court sms, une phrase dont je ne me souviens plus, ne me souviens pas de l\u2019avoir dit&nbsp;! il me l\u2019a reproch\u00e9, ne m\u2019a plus parl\u00e9 pendant plusieurs ann\u00e9es, confirm\u00e9, affirm\u00e9, convaincu qu\u2019il avait raison, une phrase <a class=\"more-link\" href=\"https:\/\/www.tierslivre.net\/ateliers\/chroniques-08-faire-ses-gammes\/\">Continuer la lecture<span class=\"screen-reader-text\">\u00ab\u00a0Chroniques 08\u00a0\u00bb Faire ses gammes !<\/span><span class=\"meta-nav\">&rarr;<\/span><\/a><\/p>\n","protected":false},"author":21,"featured_media":0,"comment_status":"open","ping_status":"open","sticky":false,"template":"","format":"standard","meta":{"h5ap_radio_sources":[],"footnotes":""},"categories":[8106,8191,1],"tags":[],"class_list":["post-220457","post","type-post","status-publish","format-standard","hentry","category-ete-2026-chroniques","category-ete-2026-08-semaine-8","category-atelier"],"_links":{"self":[{"href":"https:\/\/www.tierslivre.net\/ateliers\/wp-json\/wp\/v2\/posts\/220457","targetHints":{"allow":["GET"]}}],"collection":[{"href":"https:\/\/www.tierslivre.net\/ateliers\/wp-json\/wp\/v2\/posts"}],"about":[{"href":"https:\/\/www.tierslivre.net\/ateliers\/wp-json\/wp\/v2\/types\/post"}],"author":[{"embeddable":true,"href":"https:\/\/www.tierslivre.net\/ateliers\/wp-json\/wp\/v2\/users\/21"}],"replies":[{"embeddable":true,"href":"https:\/\/www.tierslivre.net\/ateliers\/wp-json\/wp\/v2\/comments?post=220457"}],"version-history":[{"count":5,"href":"https:\/\/www.tierslivre.net\/ateliers\/wp-json\/wp\/v2\/posts\/220457\/revisions"}],"predecessor-version":[{"id":220772,"href":"https:\/\/www.tierslivre.net\/ateliers\/wp-json\/wp\/v2\/posts\/220457\/revisions\/220772"}],"wp:attachment":[{"href":"https:\/\/www.tierslivre.net\/ateliers\/wp-json\/wp\/v2\/media?parent=220457"}],"wp:term":[{"taxonomy":"category","embeddable":true,"href":"https:\/\/www.tierslivre.net\/ateliers\/wp-json\/wp\/v2\/categories?post=220457"},{"taxonomy":"post_tag","embeddable":true,"href":"https:\/\/www.tierslivre.net\/ateliers\/wp-json\/wp\/v2\/tags?post=220457"}],"curies":[{"name":"wp","href":"https:\/\/api.w.org\/{rel}","templated":true}]}}