{"id":220530,"date":"2026-09-02T12:42:01","date_gmt":"2026-09-02T10:42:01","guid":{"rendered":"https:\/\/www.tierslivre.net\/ateliers\/?p=220530"},"modified":"2026-09-02T13:25:08","modified_gmt":"2026-09-02T11:25:08","slug":"chroniques-08-2","status":"publish","type":"post","link":"https:\/\/www.tierslivre.net\/ateliers\/chroniques-08-2\/","title":{"rendered":"# chroniques # 08 | lir\u00e9crire"},"content":{"rendered":"\n<p class=\"wp-block-paragraph\">(bizarrement je me suis saisi des lectures de l&rsquo;\u00e9t\u00e9 et du <em>monde<\/em> qui y appara\u00eet &#8211; il y en a eu d&rsquo;autres, et il en resterait d&rsquo;autres)<\/p>\n\n\n\n<figure class=\"wp-block-image size-large\"><img loading=\"lazy\" decoding=\"async\" width=\"771\" height=\"1024\" src=\"https:\/\/www.tierslivre.net\/ateliers\/wp-content\/uploads\/2026\/09\/ok-IMG_20260823_064517-771x1024.jpg\" alt=\"\" class=\"wp-image-220687\" \/><\/figure>\n\n\n\n<p class=\"wp-block-paragraph\"><strong>|1| le monde<\/strong><\/p>\n\n\n\n<figure class=\"wp-block-image size-large\"><img loading=\"lazy\" decoding=\"async\" width=\"1024\" height=\"771\" src=\"https:\/\/www.tierslivre.net\/ateliers\/wp-content\/uploads\/2026\/08\/IMG_20260831_213018-1024x771.jpg\" alt=\"\" class=\"wp-image-220532\" srcset=\"https:\/\/www.tierslivre.net\/ateliers\/wp-content\/uploads\/2026\/08\/IMG_20260831_213018-1024x771.jpg 1024w, https:\/\/www.tierslivre.net\/ateliers\/wp-content\/uploads\/2026\/08\/IMG_20260831_213018-420x316.jpg 420w, https:\/\/www.tierslivre.net\/ateliers\/wp-content\/uploads\/2026\/08\/IMG_20260831_213018-768x578.jpg 768w, https:\/\/www.tierslivre.net\/ateliers\/wp-content\/uploads\/2026\/08\/IMG_20260831_213018-1536x1157.jpg 1536w, https:\/\/www.tierslivre.net\/ateliers\/wp-content\/uploads\/2026\/08\/IMG_20260831_213018-2048x1542.jpg 2048w\" sizes=\"auto, (max-width: 1024px) 100vw, 1024px\" \/><\/figure>\n\n\n\n<pre class=\"wp-block-code has-medium-gray-background-color has-background\"><code><em>L'avenir dure longtemps <\/em>(Louis Althusser, \u00e9dition posthume de ses \u0153uvres <em>in <\/em>le livre de poche 9785 LP13, p 40)<\/code><\/pre>\n\n\n\n<p class=\"wp-block-paragraph\">Il avait parcouru le <em>monde<\/em>.<\/p>\n\n\n\n<pre class=\"wp-block-code has-medium-gray-background-color has-background\"><code><em>Les vierges<\/em> (nouvelle) (Ir\u00e8ne N\u00e9mirovski, <em>Les vierges et autres nouvelle<\/em> folio 5142, p 225)<\/code><\/pre>\n\n\n\n<p class=\"wp-block-paragraph\">Elle est rest\u00e9e assise l\u00e0 un moment, et ses yeux se sont remplis de larmes, et ses \u00e9paules ont trembl\u00e9, le <em>monde<\/em> a trembl\u00e9.<\/p>\n\n\n\n<pre class=\"wp-block-code has-medium-gray-background-color has-background\"><code><em>Le gar\u00e7on du dehors<\/em> (Jeanine Cummins, traduit de l\u2019anglais (US) par Christine Auch\u00e9, Philippe Rey 2023, p 347)<\/code><\/pre>\n\n\n\n<p class=\"wp-block-paragraph\">Je veux parler de la contradiction entre les conditions \u00e9conomiques et sociales dans lesquelles il faut \u00eatre plac\u00e9 pour pouvoir produire un certain type d\u2019\u0153uvres (j\u2019ai cit\u00e9 l\u2019exemple des math\u00e9matiques parce qu\u2019il est le plus \u00e9vident, mais c\u2019est vrai aussi de la po\u00e9sie d\u2019avant-garde, de la philosophie, de la sociologie etc.) des \u0153uvres qu\u2019on appelle \u00ab&nbsp;pures&nbsp;\u00bb (c\u2019est un mot ridicule), disons, autonomes par apport aux contraintes commerciales, etc., et d\u2019autre part,les conditions sociales de transmission des produits obtenus dans ces conditions&nbsp;; contradiction entre les conditions dans lesquelles il faut \u00eatre pour pouvoir faire des math\u00e9matiques d\u2019avant-garde, de la po\u00e9sie d\u2019avant-garde, etc., et les conditions dans lesquelles il faut \u00eatre pour pouvoir transmettre ces choses \u00e0 tout le <em>monde.<\/em><\/p>\n\n\n\n<pre class=\"wp-block-code has-medium-gray-background-color has-background\"><code><em>Sur la t\u00e9l\u00e9vision<\/em> (Pierre Bourdieu, Raisons d\u2019agir Liber \u00c9ditions, 1996, p 40)<\/code><\/pre>\n\n\n\n<p class=\"wp-block-paragraph\">Tout le <em>monde<\/em> sait l\u00e0-bas que je suis un parent d\u2019Emilio, venu passer deux semaines chez lui.<\/p>\n\n\n\n<pre class=\"wp-block-code has-medium-gray-background-color has-background\"><code><em>Les disparus de la lagune<\/em> (Donna Leon traduit de l\u2019\u00e9tazunien par Gabriella Zimmermann, point seuil P4225, p 181)<\/code><\/pre>\n\n\n\n<p class=\"wp-block-paragraph\"><\/p>\n\n\n\n<p class=\"wp-block-paragraph\">la part myst\u00e9rieuse des femmes prise dans l&rsquo;\u00e9tau du d\u00e9sir des hommes (une explication sommaire de ces app\u00e9tences contemporaines \u00e0 vouloir ressembler \u00e0 ce qu&rsquo;on aurait voulu d\u00e9sirer \u00eatre (la chirurgie esth\u00e9tique des jeunes femmes cor\u00e9ennes par exemple) (du sud) &#8211; se d\u00e9marquer (ou se rapprocher) de la copie conforme de cet acteur (de cette actrice) &#8211; des tatouages, des v\u00eatements, des postures, des maquillages&#8230;)<br><\/p>\n\n\n\n<p class=\"wp-block-paragraph\">\u00ab\u00a0le monde entier est un cactus, il est impossible de s&rsquo;asseoir\u00a0\u00bb <\/p>\n\n\n\n<pre class=\"wp-block-code has-medium-gray-background-color has-background\"><code>(s\u00fbrement Lanzmann (27\/06) (Jacques -ainsi que l'interpr\u00e8te - plus que Claude (le fr\u00e8re))<\/code><\/pre>\n\n\n\n<figure class=\"wp-block-image size-full\"><img loading=\"lazy\" decoding=\"async\" width=\"805\" height=\"415\" src=\"https:\/\/www.tierslivre.net\/ateliers\/wp-content\/uploads\/2026\/09\/BC-portrait-Capture-decran-du-2026-08-31-06-12-24.png\" alt=\"\" class=\"wp-image-220566\" srcset=\"https:\/\/www.tierslivre.net\/ateliers\/wp-content\/uploads\/2026\/09\/BC-portrait-Capture-decran-du-2026-08-31-06-12-24.png 805w, https:\/\/www.tierslivre.net\/ateliers\/wp-content\/uploads\/2026\/09\/BC-portrait-Capture-decran-du-2026-08-31-06-12-24-420x217.png 420w, https:\/\/www.tierslivre.net\/ateliers\/wp-content\/uploads\/2026\/09\/BC-portrait-Capture-decran-du-2026-08-31-06-12-24-766x395.png 766w\" sizes=\"auto, (max-width: 805px) 100vw, 805px\" \/><\/figure>\n\n\n\n<pre class=\"wp-block-code\"><code>\nPortraits <a href=\"https:\/\/www.calameo.com\/read\/000115599035a2be49a70\" data-type=\"link\" data-id=\"https:\/\/www.calameo.com\/read\/000115599035a2be49a70\" target=\"_blank\" rel=\"noopener\">(Brigitte C\u00e9lerier, calam\u00e9o<\/a>)<\/code><\/pre>\n\n\n\n<p class=\"wp-block-paragraph\">| le <em>monde<\/em> semblait vierge de toute empreinte humaine | \u2026 | J\u2019ai gard\u00e9 en m\u00e9moire l\u2019id\u00e9e verte et profonde de cette immense for\u00eat pentue avec le monstre cach\u00e9 sous nos pieds qui r\u00e9servait ses secrets pour ceux qui atteindraient le sommet, ou plut\u00f4t les sommets, plusieurs caldeiras imbriqu\u00e9es \u00e0 pr\u00e8s de 3000 m\u00e8tres d\u2019altitude, chaos rocailleux d\u2019une complexit\u00e9 indescriptible, et je me souviens du jaune canari tr\u00e8s sp\u00e9cial des concr\u00e9tions de souffre cristallis\u00e9es contre le rocher, de l\u2019\u00e2cret\u00e9 des fumerolles qui s\u2019\u00e9chappaient des fractures et piquaient fort la gorge, composant un incroyable paysage de fin du <em>monde<\/em><\/p>\n\n\n\n<p class=\"wp-block-paragraph\"><a href=\"https:\/\/francoiserenaud.com\/terrainfragile\/gunung-gede\/\" data-type=\"link\" data-id=\"https:\/\/francoiserenaud.com\/terrainfragile\/gunung-gede\/\" target=\"_blank\" rel=\"noopener\"><em>voyages fragments #1| gunung Gede<\/em> (Fran\u00e7oise Renaud sur son site terrain fragile, 15 ao\u00fbt 2025)<\/a><\/p>\n\n\n\n<p class=\"wp-block-paragraph\"><\/p>\n\n\n\n<p class=\"wp-block-paragraph\"><strong>|2| allo oui bonjour<\/strong><br>j&rsquo;aurais aim\u00e9 faire en sorte de prendre en copie les paroles et de les retranscrire (un appel t\u00e9l\u00e9phonique d&rsquo;un acheteur, d&rsquo;un plombier, d&rsquo;une employ\u00e9e de mairie) mais \u00e7a ne s&rsquo;est pas fait <br>&#8211; une des pratiques professionnelles \u00e9tait de r\u00e9aliser des entretiens au t\u00e9l\u00e9phone (tr\u00e8s fin de si\u00e8cle) lequel \u00e9tait reli\u00e9 \u00e0 un magn\u00e9tophone (un fil emp\u00eachait le d\u00e9placement, non seulement du t\u00e9l\u00e9phone mais aussi du magn\u00e9to &#8211; il y avait alors d\u00e9j\u00e0 des t\u00e9l\u00e9phones sans fil, certes) il y fallait une certaine concentration, suivre le plan dit guide d&rsquo;entretien, et provoquer les id\u00e9es \u00ab\u00a0vous me disiez que&#8230;\u00a0\u00bb ici reprendre mot pour mot (au mieux) les quelques uns rep\u00e9r\u00e9s dans la discussion, \u00e9crits le plus souvent \u00e0 la va-vite sur un bloc-notes, pointer les arguments comme les contradictions (les faire ressortir, ou du moins tenter de) &#8211; en cas de silence le laisser s&rsquo;\u00e9couler, ce qui est plus facile avec quelqu&rsquo;un.e en face de soi car beaucoup passe par le regard, et beaucoup aussi par le refus d&rsquo;un regard direct, par le contact dit visuel (comme dans la vie hein) (et d&rsquo;ailleurs c&rsquo;est la vie) &#8211; beaucoup passe aussi par les gestes (on voit nos contemporains dans les rues qui comme des \u00e9oliennes miment discutent brassent du vent vont viennent sans voir ce qui les entoure) &#8211; toutes chose qui ne se contr\u00f4lent ni ne se soumettent \u00e0 la parole nue (on ne ma\u00eetrise pas la voix qui chevrote parce qu&rsquo;on ne sait pas pourquoi elle chevrote, on ne l&rsquo;entend pas tout de suite et les \u00e9motions fleurissent comme on dit) mais si c&rsquo;est bien fait <em>\u00e7a parle<\/em><br>&#8211; une autre consistait \u00e0 renseigner les voyageureuses (c&rsquo;est joli, \u00e7a) sur les horaires des trains en partance (quel jour, vers quelle heure ?) une esp\u00e8ce de dialogue utilitaire (\u00e7a n&rsquo;existe plus : \u00e7a se passait dans l&rsquo;immeuble juste devant (ou devant c&rsquo;est selon) la gare du pont Cardinet juste en face du square des Batignoles, au deuxi\u00e8me \u00e9tage il me semble des fen\u00eatres partout devant soi, des boxes en une esp\u00e8ce d&rsquo;arc de cercle avec derri\u00e8re soi une estrade et l\u00e0-haut le chef, vitr\u00e9s \u00e0 mi-hauteur, on avait chacun.e son combin\u00e9, son chaix (un gros classeur marron avec avec les cinq tomes des cinq gares) sept heures de rang coup\u00e9es par une vingtaine de minutes de pause (demander la permission pour aller pisser au chef derri\u00e8re soi (lequel \u00e9coutait de temps \u00e0 autre les r\u00e9ponses donn\u00e9es, allait trouver l&rsquo;imp\u00e9trant.e pour l&rsquo;informer que le renseignement donn\u00e9 \u00e9tait faux, partiel, pas assez prompt, ou trop rapide : de ces mots-l\u00e0 on se foutait \u00e9perdument) (jamais su s&rsquo;il y avait un compteur ou un mouchard de ce type) (sortir et en profiter pour fumer) &#8211; proposer autre chose, un autre jour si ce jour-l\u00e0 le train n&rsquo;existe pas, ou pas \u00e0 cette heure-l\u00e0, ou alors si c&rsquo;est moins cher (consulter les multiples notes de bas de page), ou moins long ou plus facile &#8211; sans emprunter de correspondances parfois hasardeuses etc.) &#8211; mais on peut en rire (on s&rsquo;exprime autant, on fait part de sa peur, de ses besoins, ce n&rsquo;est pas pour moi c&rsquo;est pour ma s\u0153ur\/mon p\u00e8re\/ma tante &#8211; on va partir en vacances\/en colloque\/ma m\u00e8re va mal (\u00e7a peut arriver, mais on ne s&rsquo;\u00e9panche que peu, on ne dit pas \u00ab\u00a0c&rsquo;est pour un mariage\/un enterrement\/une cousinade\/un rendez-vous d&rsquo;affaire\/galant\/interdit\/secret\/oblig\u00e9\/premier &#8211; rendre visite \u00e0 un.e d\u00e9tenu.e, un.e malade &#8211; passer un concours, un entretien d&#8217;embauche, une \u00e9preuve un examen &#8211; m\u00e9dical ou pas) (pourquoi bouger si ce n&rsquo;est pour domicile\/travail) non, on se tait sur les causes et les n\u00e9cessit\u00e9s mais parfois tr\u00e8s rarement il se peut que \u00e7a d\u00e9borde &#8211;<\/p>\n\n\n\n<p class=\"wp-block-paragraph\">|3| l\u00e0<br>elle fait comme si elle ne voyait rien, comme si \u00e7a ne l\u2019int\u00e9ressait pas, pas du tout ou alors un rien, quelque chose qui passe dans le regard peut-\u00eatre, elle fait comme si comme si tout lui \u00e9tait d\u00fb comme si jamais rien ne s\u2019\u00e9tait pass\u00e9, jamais, rien elle regarde le temps et il passe mais elle fait comme si il ne se passait rien, comme s\u2019il ne passait pas comme si elle en \u00e9tait le ma\u00eetre et qu\u2019il se pliait \u00e0 la moindre de ses volont\u00e9s, au moindre de ses d\u00e9sirs de ses fantasmes, elle fait comme si et \u00e7a lui va bien, elle est l\u00e0 avec un petit sourire \u00e0 faire comme si personne d\u2019autre n\u2019existait au monde comme si \u00e7a se pouvait, elle fait comme si mais elle sait aussi faire autrement, vrai ou faux, ici ou maintenant, elle fait comme si et s\u2019\u00e9chappe, une fen\u00eatre ouverte, une brise douce ou marine, ouat\u00e9e iod\u00e9e chaude douce, id\u00e9ale l\u00e0 comme si tout allait bien se passer, comme d\u2019habitude ou comme jamais, elle est l\u00e0, comme si toujours tout avait d\u00e9j\u00e0 \u00e9t\u00e9 dit, \u00e9crit, dit tout bas ou \u00e0 voix haute lu pens\u00e9 exprim\u00e9, rumin\u00e9, elle est l\u00e0 assise devant une table, blanche, ronde, de m\u00e9tal et elle sourit doucement, c\u2019est peut-\u00eatre son jardin<\/p>\n\n\n\n<p class=\"wp-block-paragraph\">|4| ne pas savoir \u00e9crire<br>non mais quoi, surtout, c\u2019est surtout \u00e7a, quoi \u2013 \u00e7a n\u2019a pas d\u2019importance, \u00e7a n\u2019en a aucune, on ne sait pas exactement o\u00f9 on va aller, mais on a des trucs \u00e0 dire, sur le temps qu\u2019il fait ou qui passe, ou les enfants qui pleurent ou qui rient sans la moindre raison parce que quelque chose leur passe par la t\u00eate, imm\u00e9diats ils jouent \u2013 sans arri\u00e8re pens\u00e9e, ils jouent mais parviennent \u00e0 le faire s\u00e9rieusement aussi \u2013 non, pas d\u2019histoire, rien, trois mots du d\u00e9cor quatre de dialogue et l\u2019affaire est faite, \u00e7a ne rime \u00e0 rien, \u00e7a poursuit \u00ab\u00a0<a href=\"https:\/\/www.pendantleweekend.net\/2026\/07\/glossaire-la-memoire-des-oeuvres\/\" data-type=\"link\" data-id=\"https:\/\/www.pendantleweekend.net\/2026\/07\/glossaire-la-memoire-des-oeuvres\/\">l\u2019horrible amoncellement\u00a0<\/a>\u00bb des mots \u00e9crits sur des feuilles blanches de papier ou \u00e9lectroniques, mais blanches, une \u00e9criture noire, ou l\u2019inverse pour ne pas g\u00e2cher ou ne pas meurtrir trop vite les yeux, les regards, les couleurs, ne pas savoir quoi en dire, quoi dire, quoi faire de ses dix doigts comme on dit, \u00eatre l\u00e0 pourtant avec ses d\u00e9sirs et ses volont\u00e9s \u00e0 assouvir pourtant sans les dominer non plus parce qu\u2019ils et elles fuient alors devant l\u2019\u00e9tendue la grandeur l\u2019ampleur de ce qu\u2019il reste \u00e0 accomplir, raconter, et tout \u00e7a qui se multiplie avec les jours, les images, les photos de famille ou les portraits, les regards fixes ou brouill\u00e9s de larmes qui peuvent aussi \u00eatre de rire, faire des phrases et les embellir de virgules, d\u2019accents, de pointill\u00e9s et de points, as-tu remarqu\u00e9 comme sur l\u2019\u00e9cran les lignes sont d\u2019une droiture extr\u00eame comme si elle ne pouvaient pas faire autrement \u2013 la libert\u00e9 sur le papier ou la toile \u2013 bris\u00e9e par les \u00e9crans avec leurs angles droits, si droits, tellement droits pourquoi, on dit justifi\u00e9 \u00e0 droite \u00e0 gauche comme si les choses avaient \u00e0 se tenir debout, comme si sur ces mots-l\u00e0 s\u2019exer\u00e7ait la gravit\u00e9 alors que non, rien, ou alors pas grand-chose, pour \u00e9viter le d\u00e9sastre s\u00fbrement, pour faire bonne figure, plaire et donner \u00e0 rire ou sourire, dans les vitrines, sur les tables, tout \u00e0 l\u2019heure disait le poste (je le ferme de plus en plus) la liste des quinze comme si \u00e7a allait nous int\u00e9resser, promue par neuf car l\u2019un d\u2019eux est mort cet \u00e9t\u00e9, on ne saura pas ce qu\u2019il a pu penser de ce tas de tous les \u00e9t\u00e9s (ce mis\u00e9rable tas de petits mensonges ou quelque chose de ce genre), une esp\u00e8ce de rituel, combien \u00e0 ton avis, trente\u00a0? cinquante\u00a0? qui choisit et quel choix, les porteurs sp\u00e9ciaux, les papiers krafts, les ficelles, les erreurs et les mauvaises tournures, on est l\u00e0, on regarde \u00e7a s\u2019\u00e9crire, tout seul, \u00e7a avance ou \u00e7a n\u2019avance \u00e0 rien, on essaye de rompre, je crois que c\u2019est aussi un mot d\u2019escrime, le casque, le fleuret, la mouche, on essaye de se d\u00e9tendre, cette sorte de gaine, de corset, cette posture dans cet uniforme, \u00e0 vos marques \u2013 le bout de scotch noir qui indique la position o\u00f9 se tenir \u2013 le bon emplacement, la place requise, indiqu\u00e9e pr\u00e9cis\u00e9e, d\u00e9volue et l\u00e0 le texte \u2013 l\u00e0 \u00e0 ce moment-l\u00e0 quand tu veux, l\u00e0 maintenant avec insistance ou d\u00e9termination intention volont\u00e9 laisser choir laisser aller oublier laisser ne pas r\u00e9p\u00e9ter ne pas trop embrouiller relire mais quoi, qu\u2019est-ce que tu voulais dire, au juste\u00a0?<\/p>\n\n\n\n<p class=\"wp-block-paragraph\"><\/p>\n\n\n\n<p class=\"wp-block-paragraph\">|5|<br>ce serait propice \u00e0 faire des liens (on appelle \u00e7a comme \u00e7a \u2013 ici je veux dire : je n&rsquo;en mets qu&rsquo;un)&nbsp;: la litt\u00e9rature, peut-\u00eatre mais surtout les images, les salons de coiffure, les plumes, les gens aussi surtout, celle-ci en robe de dentelle beige et aux ballerines noires, le m\u00e9tro o\u00f9 une autre ressemble \u00e0 Anne Alvaro (surtout les actrices et les acteurs \u00e9videmment) c\u2019\u00e9tait quoi, <em>le go\u00fbt des autres&nbsp;<\/em>? Elle oui, ou cette autre, Anna aussi, \u00e0 la f\u00eate de l\u2019huma, ailleurs un autre film encore, des id\u00e9es de dialogues, de danse, des r\u00e9miniscences ou un chanteur sur le terrasse du caf\u00e9, l\u00e0 avec sa m\u00e8che, ses madeleines son double caf\u00e9 au lait \u2013 sa chanson <em><a href=\"https:\/\/www.youtube.com\/watch?v=COe5l-Kpp6U\" data-type=\"link\" data-id=\"https:\/\/www.youtube.com\/watch?v=COe5l-Kpp6U\" target=\"_blank\" rel=\"noopener\">Peggy<\/a><\/em> qui fait \u00ab&nbsp;la derni\u00e8re fois qu\u2019on nage&nbsp;\u00bb oui enfin surtout les gens<\/p>\n\n\n\n<p class=\"wp-block-paragraph\">un spritz au bar et les <em>Petits chevaux de Tarquinia<\/em> et \u00ab\u00a0monte dans ton Alfa, Rom\u00e9o\u00a0\u00bb la bardot, la terrasse, Piccoli Lang -les gens qu\u2019on aime (la bardot pas trop non, pourtant)<\/p>\n\n\n\n<p class=\"wp-block-paragraph\">le parcours dans la rue, n\u2019importe laquelle mais il faut bien commencer par l\u2019une d\u2019entre elles et prendre \u00e0 droite ou \u00e0 gauche\u00a0? \u00c7a n\u2019a aucune importance ou on a quelque chose \u00e0 faire ? chez le farmako acheter des antibios pour l\u2019op\u00e9ration dentaire \u00e0 venir\u00a0: c\u2019est \u00e0 droite, marcher n\u2019importe o\u00f9 n\u2019importe comment, plut\u00f4t vers la gauche l\u00e0 o\u00f9 tout au fond de l\u2019image on voit le Sacr\u00e9-C\u0153ur, l\u2019immonde choucroute \u00e0 ce thiers abject et c\u2019est Zola qui revient raconter qu\u2019un anarchiste probablement avait entrepos\u00e9 des barils de poudre dans les fondations de cette basilique pour faire sauter tout \u00e7a<\/p>\n\n\n\n<p class=\"wp-block-paragraph\">des gens et des chansons surtout des films et des mots plus que des livres mais lire, oui mais alors o\u00f9\u00a0? dans le lit sur un strapontin \u00e0 l\u2019ombre du cerisier une chaise de plastique blanc pliable le vent l\u00e9ger des morceaux de melon ou de past\u00e8que et le courroux d\u2019Antigone, l\u00e0, comme sur la soupe un cheveu<\/p>\n\n\n\n<p class=\"wp-block-paragraph\">des souvenirs des r\u00f4les des actions des chutes des rires des heurts des claques (ainsi que font les portes aussi) et des pleurs<br><\/p>\n","protected":false},"excerpt":{"rendered":"<p>(bizarrement je me suis saisi des lectures de l&rsquo;\u00e9t\u00e9 et du monde qui y appara\u00eet &#8211; il y en a eu d&rsquo;autres, et il en resterait d&rsquo;autres) |1| le monde Il avait parcouru le monde. Elle est rest\u00e9e assise l\u00e0 un moment, et ses yeux se sont remplis de larmes, et ses \u00e9paules ont trembl\u00e9, le monde a trembl\u00e9. Je <a class=\"more-link\" href=\"https:\/\/www.tierslivre.net\/ateliers\/chroniques-08-2\/\">Continuer la lecture<span class=\"screen-reader-text\"># chroniques # 08 | lir\u00e9crire<\/span><span class=\"meta-nav\">&rarr;<\/span><\/a><\/p>\n","protected":false},"author":86,"featured_media":220687,"comment_status":"open","ping_status":"open","sticky":false,"template":"","format":"standard","meta":{"h5ap_radio_sources":[],"footnotes":""},"categories":[8106,8191],"tags":[],"class_list":["post-220530","post","type-post","status-publish","format-standard","has-post-thumbnail","hentry","category-ete-2026-chroniques","category-ete-2026-08-semaine-8"],"_links":{"self":[{"href":"https:\/\/www.tierslivre.net\/ateliers\/wp-json\/wp\/v2\/posts\/220530","targetHints":{"allow":["GET"]}}],"collection":[{"href":"https:\/\/www.tierslivre.net\/ateliers\/wp-json\/wp\/v2\/posts"}],"about":[{"href":"https:\/\/www.tierslivre.net\/ateliers\/wp-json\/wp\/v2\/types\/post"}],"author":[{"embeddable":true,"href":"https:\/\/www.tierslivre.net\/ateliers\/wp-json\/wp\/v2\/users\/86"}],"replies":[{"embeddable":true,"href":"https:\/\/www.tierslivre.net\/ateliers\/wp-json\/wp\/v2\/comments?post=220530"}],"version-history":[{"count":10,"href":"https:\/\/www.tierslivre.net\/ateliers\/wp-json\/wp\/v2\/posts\/220530\/revisions"}],"predecessor-version":[{"id":220694,"href":"https:\/\/www.tierslivre.net\/ateliers\/wp-json\/wp\/v2\/posts\/220530\/revisions\/220694"}],"wp:featuredmedia":[{"embeddable":true,"href":"https:\/\/www.tierslivre.net\/ateliers\/wp-json\/wp\/v2\/media\/220687"}],"wp:attachment":[{"href":"https:\/\/www.tierslivre.net\/ateliers\/wp-json\/wp\/v2\/media?parent=220530"}],"wp:term":[{"taxonomy":"category","embeddable":true,"href":"https:\/\/www.tierslivre.net\/ateliers\/wp-json\/wp\/v2\/categories?post=220530"},{"taxonomy":"post_tag","embeddable":true,"href":"https:\/\/www.tierslivre.net\/ateliers\/wp-json\/wp\/v2\/tags?post=220530"}],"curies":[{"name":"wp","href":"https:\/\/api.w.org\/{rel}","templated":true}]}}