{"id":220640,"date":"2026-09-01T18:45:25","date_gmt":"2026-09-01T16:45:25","guid":{"rendered":"https:\/\/www.tierslivre.net\/ateliers\/?p=220640"},"modified":"2026-09-01T18:45:26","modified_gmt":"2026-09-01T16:45:26","slug":"chroniques08_il-suffit-dun-livre","status":"publish","type":"post","link":"https:\/\/www.tierslivre.net\/ateliers\/chroniques08_il-suffit-dun-livre\/","title":{"rendered":"#Chroniques#08_Il suffit d\u2019un livre"},"content":{"rendered":"\n<div data-wp-interactive=\"core\/file\" class=\"wp-block-file\"><object data-wp-bind--hidden=\"!state.hasPdfPreview\" hidden class=\"wp-block-file__embed\" data=\"https:\/\/www.tierslivre.net\/ateliers\/wp-content\/uploads\/2026\/09\/Chroniques08_Il-suffit-dun-livre_MAG-1.pdf\" type=\"application\/pdf\" style=\"width:100%;height:600px\" aria-label=\"Contenu embarqu\u00e9 #Chroniques#08_Il suffit d&apos;un livre_MAG.\"><\/object><a id=\"wp-block-file--media-5f803228-96b2-4394-bd15-2b4d9240a565\" href=\"https:\/\/www.tierslivre.net\/ateliers\/wp-content\/uploads\/2026\/09\/Chroniques08_Il-suffit-dun-livre_MAG-1.pdf\">#Chroniques#08_Il suffit d&rsquo;un livre_MAG<\/a><a href=\"https:\/\/www.tierslivre.net\/ateliers\/wp-content\/uploads\/2026\/09\/Chroniques08_Il-suffit-dun-livre_MAG-1.pdf\" class=\"wp-block-file__button wp-element-button\" download aria-describedby=\"wp-block-file--media-5f803228-96b2-4394-bd15-2b4d9240a565\">T\u00e9l\u00e9charger<\/a><\/div>\n\n\n\n<pre class=\"wp-block-preformatted\">Sauf mention contraire toutes les citations en italique sont de Jean-Baptiste Del Amo, pioch\u00e9es dans Une \u00e9claircie, Stock, 2026<\/pre>\n\n\n\n<h2 class=\"wp-block-heading\">1|Efficace<\/h2>\n\n\n\n<p class=\"wp-block-paragraph\">Je suis de toute efficace si je ne me borne pas \u00e0 vouloir lire dans les visc\u00e8res.<\/p>\n\n\n\n<p class=\"has-small-font-size wp-block-paragraph\">Au sens vieux ou litt\u00e9raire du terme <em>efficace<\/em>, n. f., inspir\u00e9 du <em>Robert<\/em> et de Roger Caillois<\/p>\n\n\n\n<h2 class=\"wp-block-heading\">2|Groupe WhatsApp Holding<\/h2>\n\n\n\n<p class=\"wp-block-paragraph\">Ils ont cr\u00e9\u00e9 un groupe WhatsApp le 5 mars dernier. Comme je ne trouve pas le m\u00eame montant de la facture sold\u00e9e je m\u2019interroge\u00a0: n\u2019aurais-je pas loup\u00e9 une \u00e9tape\u00a0? Le virement provient de deux comptes diff\u00e9rents. Je sais que le deuxi\u00e8me n\u2019appara\u00eetra que le lendemain ce qui s\u2019av\u00e8re exact. J\u2019informe d\u2019un rendez-vous chez le comptable jeudi 23 \u00e0 10h30. Je peux m\u2019y rendre seule. Je demande quelle plateforme de r\u00e9ception de factures \u00e9lectroniques choisir. Celle du cabinet comptable conviendra. Je rappelle que le 2 mai le montant de la TVA sera pr\u00e9lev\u00e9e et je confirme qu\u2019\u00e0 compter du trimestre prochain la facturation sera au trimestre au prorata de chacun. Le conseiller bancaire n\u2019a pas r\u00e9pondu. Je n\u2019ai pas de nouvelles et j\u2019ai oubli\u00e9 de me renseigner \u00e0 l\u2019agence. \u00c7a par exemple\u00a0! Personne ne sait qui a d\u00e9pos\u00e9 un ch\u00e8que de deux mille euro. Apr\u00e8s v\u00e9rification, c\u2019est moi. J\u2019avais oubli\u00e9. Le conseiller bancaire est en cong\u00e9s au moins trois semaines. Il est au Costa Rica. Mon dieu fait bon d\u2019\u00eatre banquier. On me pose une question mais je ne suis pas chez moi pour y r\u00e9pondre. Voil\u00e0 ce que j\u2019ai not\u00e9. Le virement d\u2019avant-hier n\u2019avait pas march\u00e9, il a recommenc\u00e9 aujourd\u2019hui avec succ\u00e8s. Je demande combien d\u2019heures suppl\u00e9mentaires il faut d\u00e9clarer en juin. La facture de la tr\u00e9mie est bien au nom de la soci\u00e9t\u00e9. Le 4 juillet 2026 une carte \u00e9mise par la SDIS indique que techniquement, nous n\u2019avons pas le droit de moissonner. Qu\u2019en disent les EDT\u00a0? Le fils s\u2019en m\u00eale Jai pas vu de courrier passer et la m\u00e8re ma rien dit. Faudrais appeler jeannot il doit savoir. Jeannot a confirm\u00e9 l\u2019interdiction de moissonner car il y a trop de flou concernant les zones sensibles. La pr\u00e9fecture est muette. Les entrepreneurs disent que nous avons le droit de moissonner toute la journ\u00e9e les parcelles de plus de quatre hectares situ\u00e9es \u00e0 plus de 200 m de bois et qu\u2019il faut pr\u00e9voir un moyen, d\u00e9chaumeurs et\/ou citernes, pour lutter contre le feu. Le mot de passe commence par bisounours. Pouce lev\u00e9.<\/p>\n\n\n\n<h2 class=\"wp-block-heading\">3|J\u2019ai dit au chirurgien ex\u00e9r\u00e8se<\/h2>\n\n\n\n<p class=\"wp-block-paragraph\">Elle fait comme si c\u2019\u00e9tait \u00a0une figure de style, ex\u00e9r\u00e8se, elle fait comme si l\u2019on avait besoin d\u2019un scalpel pour \u00e9crire alors l\u2019\u00e9crivain serait un chirurgien qui incise coupe d\u00e9coupe enl\u00e8ve recoud, elle fait comme si pour qu\u2019au r\u00e9veil difficile <em>une autre vision appar[aisse], qu\u2019 [elle] ne sai[t] d\u00e9crire autrement que comme une galaxie, quelque chose d\u2019infiniment grand et qui serait dans le m\u00eame temps infiniment petit, un r\u00e9seau micellaire ou rhizomique<\/em>, elle fait comme si des petits champignons bleut\u00e9s ou violac\u00e9s hantaient son r\u00eave, elle fait comme si <em>des efflorescences \u00e9mergent et s\u2019\u00e9panouissent<\/em> dans <em>une incommensurable multitude<\/em>, <em>toutes\u00a0 li\u00e9es par une matrice qui se meut elle aussi sans cesse, se d\u00e9construit et se reforme ind\u00e9finiment<\/em>, elle fait comme si elle n\u2019avait pas compris que cela \u00e9tait probablement d\u00fb \u00e0 l\u2019anesth\u00e9sie, elle fait comme si <em>[elle]<\/em> <em>\u00e9mergeait par strates comme si [elle] remontai[s] \u00e0 la surface d\u2019 [elle]-m\u00eame<\/em>.<\/p>\n\n\n\n<h2 class=\"wp-block-heading\">4|<em>Tu penses que les mots peuvent cr\u00e9er une r\u00e9alit\u00e9<\/em><\/h2>\n\n\n\n<p class=\"wp-block-paragraph\">Elle ne cesse de <em>r\u00e9fl\u00e9chir \u00e0 [sa] propre \u00e9criture en m\u00eame temps qu\u2019elle s\u2019accomplit<\/em>. Son mari lui disait souvent arr\u00eate de r\u00e9fl\u00e9chir \u00e7a donne mal \u00e0 la t\u00eate. Lui \u00e9tait dans l\u2019action. Mais dans une action r\u00e9fl\u00e9chie pas l\u2019action t\u00eate la premi\u00e8re qui ne m\u00e8ne \u00e0 rien. Aujourd\u2019hui il n\u2019est plus, elle \u00e9crit, pensant que les mots peuvent cr\u00e9er une r\u00e9alit\u00e9.<\/p>\n\n\n\n<h2 class=\"wp-block-heading\">5|<em>On dirait une steppe<\/em><\/h2>\n\n\n\n<p class=\"wp-block-paragraph\"><em>Des h\u00e9rons garde-b\u0153ufs pars\u00e8ment les champs de taches blanches<\/em>. Ici on les appelle plut\u00f4t pique-b\u0153ufs ou aigrettes blanches. Tous les matins les oiseaux suivent les g\u00e9nisses dans la p\u00e2ture, chacune en a plusieurs autour d\u2019elle et c\u2019est une belle chor\u00e9graphie qui se joue en face du portail toujours ouvert. Le pr\u00e9 est cl\u00f4tur\u00e9. Les h\u00e9rons arrivent et repartent par le ciel. Nul besoin d\u2019un cadenas dont on finit toujours par perdre la cl\u00e9. <em>Les veaux nouveau-n\u00e9s que, de bon matin, vous d\u00e9couvriez humides et fumants au milieu du champ<\/em>. C\u2019est le plus beau cadeau que Fluorine nous ait fait un premier de l\u2019an et Frisotine le 2 janvier. Dans l\u2019herbe verte un petit veau blanc mal assur\u00e9 sur ses longues pattes encore cagneuses suit sa m\u00e8re qui nous suit dans la cr\u00e8che qui. Les mots nous suivent.<\/p>\n","protected":false},"excerpt":{"rendered":"<p>Sauf mention contraire toutes les citations en italique sont de Jean-Baptiste Del Amo, pioch\u00e9es dans Une \u00e9claircie, Stock, 2026 1|Efficace Je suis de toute efficace si je ne me borne pas \u00e0 vouloir lire dans les visc\u00e8res. Au sens vieux ou litt\u00e9raire du terme efficace, n. f., inspir\u00e9 du Robert et de Roger Caillois 2|Groupe WhatsApp Holding Ils ont cr\u00e9\u00e9 <a class=\"more-link\" href=\"https:\/\/www.tierslivre.net\/ateliers\/chroniques08_il-suffit-dun-livre\/\">Continuer la lecture<span class=\"screen-reader-text\">#Chroniques#08_Il suffit d\u2019un livre<\/span><span class=\"meta-nav\">&rarr;<\/span><\/a><\/p>\n","protected":false},"author":160,"featured_media":0,"comment_status":"open","ping_status":"open","sticky":false,"template":"","format":"standard","meta":{"h5ap_radio_sources":[],"footnotes":""},"categories":[8106,8191],"tags":[],"class_list":["post-220640","post","type-post","status-publish","format-standard","hentry","category-ete-2026-chroniques","category-ete-2026-08-semaine-8"],"_links":{"self":[{"href":"https:\/\/www.tierslivre.net\/ateliers\/wp-json\/wp\/v2\/posts\/220640","targetHints":{"allow":["GET"]}}],"collection":[{"href":"https:\/\/www.tierslivre.net\/ateliers\/wp-json\/wp\/v2\/posts"}],"about":[{"href":"https:\/\/www.tierslivre.net\/ateliers\/wp-json\/wp\/v2\/types\/post"}],"author":[{"embeddable":true,"href":"https:\/\/www.tierslivre.net\/ateliers\/wp-json\/wp\/v2\/users\/160"}],"replies":[{"embeddable":true,"href":"https:\/\/www.tierslivre.net\/ateliers\/wp-json\/wp\/v2\/comments?post=220640"}],"version-history":[{"count":1,"href":"https:\/\/www.tierslivre.net\/ateliers\/wp-json\/wp\/v2\/posts\/220640\/revisions"}],"predecessor-version":[{"id":220642,"href":"https:\/\/www.tierslivre.net\/ateliers\/wp-json\/wp\/v2\/posts\/220640\/revisions\/220642"}],"wp:attachment":[{"href":"https:\/\/www.tierslivre.net\/ateliers\/wp-json\/wp\/v2\/media?parent=220640"}],"wp:term":[{"taxonomy":"category","embeddable":true,"href":"https:\/\/www.tierslivre.net\/ateliers\/wp-json\/wp\/v2\/categories?post=220640"},{"taxonomy":"post_tag","embeddable":true,"href":"https:\/\/www.tierslivre.net\/ateliers\/wp-json\/wp\/v2\/tags?post=220640"}],"curies":[{"name":"wp","href":"https:\/\/api.w.org\/{rel}","templated":true}]}}