{"id":220759,"date":"2026-09-04T10:21:32","date_gmt":"2026-09-04T08:21:32","guid":{"rendered":"https:\/\/www.tierslivre.net\/ateliers\/?p=220759"},"modified":"2026-09-04T10:27:55","modified_gmt":"2026-09-04T08:27:55","slug":"chroniques-08-lispector-la-creuse-du-je-2","status":"publish","type":"post","link":"https:\/\/www.tierslivre.net\/ateliers\/chroniques-08-lispector-la-creuse-du-je-2\/","title":{"rendered":"#chroniques #08 | ses carnets"},"content":{"rendered":"\n<div data-wp-interactive=\"core\/file\" class=\"wp-block-file\"><object data-wp-bind--hidden=\"!state.hasPdfPreview\" hidden class=\"wp-block-file__embed\" data=\"https:\/\/www.tierslivre.net\/ateliers\/wp-content\/uploads\/2026\/09\/chroniques_paysage8.pdf\" type=\"application\/pdf\" style=\"width:100%;height:600px\" aria-label=\"Contenu embarqu\u00e9 chroniques_paysage#8.\"><\/object><a id=\"wp-block-file--media-6d56fd72-c1ed-47c4-9dcf-db18f748a02d\" href=\"https:\/\/www.tierslivre.net\/ateliers\/wp-content\/uploads\/2026\/09\/chroniques_paysage8.pdf\">chroniques_paysage#8<\/a><a href=\"https:\/\/www.tierslivre.net\/ateliers\/wp-content\/uploads\/2026\/09\/chroniques_paysage8.pdf\" class=\"wp-block-file__button wp-element-button\" download aria-describedby=\"wp-block-file--media-6d56fd72-c1ed-47c4-9dcf-db18f748a02d\">T\u00e9l\u00e9charger<\/a><\/div>\n\n\n\n<p class=\"wp-block-paragraph\"><\/p>\n\n\n\n<p class=\"wp-block-paragraph\"><strong>2 | LE R\u00c9EL, LE R\u00c9EL, ENCORE LE R\u00c9EL<\/strong><\/p>\n\n\n\n<p class=\"wp-block-paragraph\">Je lui ai dit je suis tellement d\u00e9sempar\u00e9e avec le monde, que depuis plusieurs semaines j\u2019ai tout coup\u00e9, radio, internet, presse. Je me suis r\u00e9fugi\u00e9e dans ma pi\u00e8ce atelier. Seule, peu de contact avec mes ami.es. Elle est la premi\u00e8re personne que j\u2019appelle depuis juin. Je lui ai parl\u00e9 de mon activit\u00e9 principale de ces derni\u00e8res semaines, fabriquer des carnets, une multitude, de tous les formats, couleurs, mati\u00e8res. Comme un \u00e9crin \u00e0 mes photos de nuages. Elle a reformul\u00e9 mes propos avec sa sensibilit\u00e9 d\u2019artiste. Tes carnets comme refuge, oui cela fabrique un cadre, une fen\u00eatre sp\u00e9cifique. C\u2019est obligatoire non pour \u00eatre dans le monde&nbsp;? Ca d\u00e9pote, \u00e7a foisonne, le monde est l\u00e0, pas loin.<\/p>\n\n\n\n<p class=\"wp-block-paragraph\"><strong>3 | \u00c9CRIRE AVEC CLARICE LISPECTOR<\/strong><\/p>\n\n\n\n<p class=\"wp-block-paragraph\">Elle fait comme si elle n\u2019\u00e9tait pas n\u00e9e en 1900, elle fait comme si il n\u2019y avait pas eu la guerre de 14 &#8211; 18 qui lui avait vol\u00e9 une partie de sa jeunesse, elle fait comme si elle n\u2019avait pas \u00e9t\u00e9 exil\u00e9e \u00e0 Cannes, elle fait comme si elle n\u2019avait jamais quitt\u00e9 son petit village champenois, elle fait comme si elle avait oubli\u00e9 qu\u2019elle avait une soif de vivre incommensurable, elle fait comme si elle ne pensait pas \u00e0 sa famille, \u00e0 sa petite s\u0153ur ador\u00e9e de douze ans sa cadette, elle fait comme si elle vivait \u00e0 c\u00f4t\u00e9 du monde avec ses blessures, elle fait comme si elle ne savait pas pour les pierres au fonds des poches, elle fait comme si elle oubliait qu\u2019elle avan\u00e7ait vers la rivi\u00e8re, elle fait comme si elle ne connaissait pas les alentours de la ferme, elle fait comme si elle ne savait pas pour le chagrin, elle fait comme si elle ne savait pas les cons\u00e9quences familiales de cette histoire, de son histoire.<\/p>\n\n\n\n<p class=\"wp-block-paragraph\"><br><strong>4 | DE SOI-M\u00caME, ET D\u2019\u00c9CRIRE\u00a0<\/strong><\/p>\n\n\n\n<p class=\"wp-block-paragraph\">Quand je ne suis pas en train de cr\u00e9er, je ne sais pas comment on cr\u00e9e. Pour cr\u00e9er, il m\u2019est n\u00e9cessaire d\u2019avoir les mains dans la mati\u00e8re. Toucher, d\u00e9couper, d\u00e9chirer et froisser le papier, coller, et voir ce qu\u2019il advient. Comme si le geste pr\u00e9c\u00e9dait l\u2019id\u00e9e. Pas d\u2019id\u00e9es quand le matin je d\u00e9cide de me mettre au travail. Les mains dans la mati\u00e8re et c\u2019est parti les id\u00e9es foisonnent. Quand je ne cr\u00e9e pas, je ne pense pas au travail en cours. Je ne sais pas que je cr\u00e9e.<\/p>\n\n\n\n<p class=\"wp-block-paragraph\">Pareil avec l\u2019\u00e9criture. Dans la vie quotidienne, j\u2019oublie que j\u2019\u00e9cris. Parfois une id\u00e9e surgit, j\u2019ouvre un document vierge sur mon t\u00e9l\u00e9phone, les doigts s\u2019agitent sur le clavier, et des bribes de texte s\u2019\u00e9crivent. Rien \u00e0 voir avec l\u2019\u00e9criture automatique. Toujours un lien plus ou moins lointain avec le texte en cours.<\/p>\n\n\n\n<p class=\"wp-block-paragraph\">[\u00e0 compl\u00e9ter&#8230;]<\/p>\n\n\n\n<p class=\"wp-block-paragraph\"><strong>5 | \u00c0 VOUS LA CANTONADE !<\/strong><\/p>\n\n\n\n<p class=\"wp-block-paragraph\">Plusieurs \u00e9t\u00e9s de suite j&rsquo;ai s\u00e9journ\u00e9 \u00e0 proximit\u00e9 d&rsquo;Urt au pays basque. Pour rejoindre Bayonne, nous empruntons la route principale qui longe la rive gauche de l&rsquo;Adour. La campagne est banale, si ce n&rsquo;est la beaut\u00e9 du fleuve. Des champs de ma\u00efs, une ligne haute tension, quelques maisons sans caract\u00e8re particulier. Des panneaux publicitaires annon\u00e7ant la proximit\u00e9 de la ville. Une zone industrielle que l&rsquo;on a vu s&rsquo;installer et progressivement s&rsquo;\u00e9tendre dans une zone humide de l&rsquo;Adour. Un jour des amies nous mentionn\u00e8rent la route beaucoup plus pittoresque de la rive gauche qui reprend le trac\u00e9 de l&rsquo;ancien chemin de halage. Avec ses maisons \u00e0 l\u2019architecture typique du pays basque, quelques fermes, des cultures mara\u00eech\u00e8res prenant place sur les riches terres des barthes de l&rsquo;Adour, pas de publicit\u00e9, un paysage reposant. Les vues sur le fleuve depuis la route sont beaucoup plus fr\u00e9quentes.<\/p>\n\n\n\n<p class=\"wp-block-paragraph\">La po\u00e9sie de cette route pris une autre dimension le jour o\u00f9 je d\u00e9couvris ce texte de Roland Barthes qui s\u00e9journait fr\u00e9quemment dans sa maison familiale d\u2019Urt, commune o\u00f9 il repose aujourd&rsquo;hui sous une sobre pierre en granit :<\/p>\n\n\n\n<p class=\"wp-block-paragraph\"><em>Mais la route que je pr\u00e9f\u00e8re et dont je me donne souvent volontairement le plaisir, c\u2019est celle qui suit la rive droite de l\u2019Adour ; c\u2019est un ancien chemin de halage, jalonn\u00e9 de fermes et de belles maisons. Je l\u2019aime sans doute pour son naturel, ce dosage de noblesse et de familiarit\u00e9 qui est propre au Sud-Ouest ; on pourrait dire que, contrairement \u00e0 sa rivale de l\u2019autre rive, c\u2019est encore une vraie route, non une voie fonctionnelle de communication, mais quelque chose comme une exp\u00e9rience complexe, o\u00f9 prennent place en m\u00eame temps un spectacle continu (l\u2019Adour est un tr\u00e8s beau fleuve, m\u00e9connu), et le souvenir d\u2019une pratique ancestrale, celle de la marche, de la p\u00e9n\u00e9tration lente et comme rythm\u00e9e du paysage, qui prend d\u00e8s lors d\u2019autres proportions ; on rejoint ici ce qui a \u00e9t\u00e9 dit au d\u00e9but, et qui est au fond le pouvoir qu\u2019a ce pays de d\u00e9jouer l\u2019immobilit\u00e9 fig\u00e9e des cartes postales : ne cherchez pas trop \u00e0 photographier : pour juger, pour aimer, il faut venir et rester, de fa\u00e7on \u00e0 pouvoir parcourir toute la moire des lieux, des saisons, des temps, des lumi\u00e8res.<\/em> \u00bb. <em>In La lumi\u00e8re du Sud-ouest : d&rsquo;apr\u00e8s Roland Barthes &#8211; \u00e9ditions du Festin &#8211; 1991<\/em><\/p>\n","protected":false},"excerpt":{"rendered":"<p>2 | LE R\u00c9EL, LE R\u00c9EL, ENCORE LE R\u00c9EL Je lui ai dit je suis tellement d\u00e9sempar\u00e9e avec le monde, que depuis plusieurs semaines j\u2019ai tout coup\u00e9, radio, internet, presse. Je me suis r\u00e9fugi\u00e9e dans ma pi\u00e8ce atelier. Seule, peu de contact avec mes ami.es. Elle est la premi\u00e8re personne que j\u2019appelle depuis juin. Je lui ai parl\u00e9 de mon <a class=\"more-link\" href=\"https:\/\/www.tierslivre.net\/ateliers\/chroniques-08-lispector-la-creuse-du-je-2\/\">Continuer la lecture<span class=\"screen-reader-text\">#chroniques #08 | ses carnets<\/span><span class=\"meta-nav\">&rarr;<\/span><\/a><\/p>\n","protected":false},"author":565,"featured_media":220761,"comment_status":"open","ping_status":"open","sticky":false,"template":"","format":"standard","meta":{"h5ap_radio_sources":[],"footnotes":""},"categories":[8106,8191],"tags":[6855],"class_list":["post-220759","post","type-post","status-publish","format-standard","has-post-thumbnail","hentry","category-ete-2026-chroniques","category-ete-2026-08-semaine-8","tag-leonie"],"_links":{"self":[{"href":"https:\/\/www.tierslivre.net\/ateliers\/wp-json\/wp\/v2\/posts\/220759","targetHints":{"allow":["GET"]}}],"collection":[{"href":"https:\/\/www.tierslivre.net\/ateliers\/wp-json\/wp\/v2\/posts"}],"about":[{"href":"https:\/\/www.tierslivre.net\/ateliers\/wp-json\/wp\/v2\/types\/post"}],"author":[{"embeddable":true,"href":"https:\/\/www.tierslivre.net\/ateliers\/wp-json\/wp\/v2\/users\/565"}],"replies":[{"embeddable":true,"href":"https:\/\/www.tierslivre.net\/ateliers\/wp-json\/wp\/v2\/comments?post=220759"}],"version-history":[{"count":3,"href":"https:\/\/www.tierslivre.net\/ateliers\/wp-json\/wp\/v2\/posts\/220759\/revisions"}],"predecessor-version":[{"id":220764,"href":"https:\/\/www.tierslivre.net\/ateliers\/wp-json\/wp\/v2\/posts\/220759\/revisions\/220764"}],"wp:featuredmedia":[{"embeddable":true,"href":"https:\/\/www.tierslivre.net\/ateliers\/wp-json\/wp\/v2\/media\/220761"}],"wp:attachment":[{"href":"https:\/\/www.tierslivre.net\/ateliers\/wp-json\/wp\/v2\/media?parent=220759"}],"wp:term":[{"taxonomy":"category","embeddable":true,"href":"https:\/\/www.tierslivre.net\/ateliers\/wp-json\/wp\/v2\/categories?post=220759"},{"taxonomy":"post_tag","embeddable":true,"href":"https:\/\/www.tierslivre.net\/ateliers\/wp-json\/wp\/v2\/tags?post=220759"}],"curies":[{"name":"wp","href":"https:\/\/api.w.org\/{rel}","templated":true}]}}